{"id":154877,"date":"2018-05-05T16:29:23","date_gmt":"2018-05-05T19:29:23","guid":{"rendered":"http:\/\/www.ufla.br\/dcom\/?p=154877"},"modified":"2018-06-22T15:31:51","modified_gmt":"2018-06-22T18:31:51","slug":"divulgados-resultados-da-1a-e-2a-etapas-do-pas","status":"publish","type":"post","link":"https:\/\/www.ufla.br\/dcom\/2018\/05\/05\/divulgados-resultados-da-1a-e-2a-etapas-do-pas\/","title":{"rendered":"Divulgados resultados da 1\u00aa e 2\u00aa etapas do PAS"},"content":{"rendered":"<p style=\"background: white; margin: 6.0pt 0cm 6.0pt 0cm;\"><span style=\"font-size: 10.5pt; font-family: 'Arial','sans-serif'; color: #333333;\"><a href=\"http:\/\/www.ufla.br\/dcom\/wp-content\/uploads\/2018\/01\/PAS.jpg\"><img loading=\"lazy\" decoding=\"async\" class=\"size-medium wp-image-148378 alignleft\" src=\"http:\/\/www.ufla.br\/dcom\/wp-content\/uploads\/2018\/01\/PAS-249x194.jpg\" alt=\"\" width=\"249\" height=\"194\" srcset=\"https:\/\/www.ufla.br\/dcom\/wp-content\/uploads\/2018\/01\/PAS-249x194.jpg 249w, https:\/\/www.ufla.br\/dcom\/wp-content\/uploads\/2018\/01\/PAS-120x93.jpg 120w, https:\/\/www.ufla.br\/dcom\/wp-content\/uploads\/2018\/01\/PAS.jpg 593w\" sizes=\"auto, (max-width: 249px) 100vw, 249px\" \/><\/a>A Diretoria de Processos Seletivos da Universidade Federal de Lavras (Dips\/UFLA) divulgou nesta sexta-feira (4\/5) os resultados da 1\u00aa e da 2\u00aa etapa do Processo de Avalia\u00e7\u00e3o Seriada (PAS). As provas foram realizadas em novembro de 2017.<\/span><\/p>\n<p style=\"margin: 0cm; margin-bottom: .0001pt; background: white;\"><span style=\"font-size: 10.5pt; font-family: 'Arial','sans-serif'; color: #333333;\">O participante pode consultar seu relat\u00f3rio individual de desempenho pelo link <a href=\"http:\/\/www.ufla.br\/pas\/\"><b><span style=\"color: #084065; text-decoration: none; text-underline: none;\">http:\/\/www.ufla.br\/pas\/<\/span><\/b><\/a>, informando o n\u00famero do CPF e data de nascimento. O per\u00edodo para interposi\u00e7\u00e3o de recursos contra pontua\u00e7\u00e3o e para pedido de vistas da corre\u00e7\u00e3o da reda\u00e7\u00e3o vai at\u00e9 ter\u00e7a-feira (8\/5).<\/span><\/p>\n<p style=\"margin: 0cm; margin-bottom: .0001pt; background: white;\"><span style=\"font-size: 10.5pt; font-family: 'Arial','sans-serif'; color: #333333;\"><br \/>\nOs formul\u00e1rios para essas solicita\u00e7\u00f5es est\u00e3o dispon\u00edveis no mesmo endere\u00e7o. Em todos os casos, os candidatos devem consultar orienta\u00e7\u00f5es nos editais dos processos seletivos.<\/span><\/p>\n<p style=\"margin: 0cm; margin-bottom: .0001pt; background: white; font-variant-ligatures: normal; font-variant-caps: normal; orphans: 2; text-align: start; widows: 2; -webkit-text-stroke-width: 0px; text-decoration-style: initial; text-decoration-color: initial; word-spacing: 0px;\"><em><span style=\"font-size: 10.5pt; font-family: 'Arial','sans-serif'; color: #333333;\">&nbsp;<\/span><\/em><\/p>\n<p style=\"margin: 0cm; margin-bottom: .0001pt; background: white;\"><em><span style=\"font-size: 10.5pt; font-family: 'Arial','sans-serif'; color: #333333;\">Per\u00edodo para interpor recurso contra resultados das provas de m\u00faltipla escolha: de 4\/5 a 8\/5<\/span><\/em><i><span style=\"font-size: 10.5pt; font-family: 'Arial','sans-serif'; color: #333333;\"><br \/>\n<em><span style=\"font-family: 'Arial','sans-serif';\">Per\u00edodo para solicitar vistas da reda\u00e7\u00e3o: de 4\/5 a 8\/5<br \/>\nPer\u00edodo para interpor recurso contra corre\u00e7\u00e3o da reda\u00e7\u00e3o: de 4\/5 a 18\/5<\/span><\/em><\/span><\/i><\/p>\n","protected":false},"excerpt":{"rendered":"<p>A Diretoria de Processos Seletivos da Universidade Federal de Lavras (Dips\/UFLA) divulgou nesta sexta-feira (4\/5) os resultados da 1\u00aa e da 2\u00aa etapa do Processo de Avalia\u00e7\u00e3o Seriada (PAS). As provas foram realizadas em novembro de 2017. O participante pode consultar seu relat\u00f3rio individual de desempenho pelo link http:\/\/www.ufla.br\/pas\/, informando o n\u00famero do CPF e &hellip; <a href=\"https:\/\/www.ufla.br\/dcom\/2018\/05\/05\/divulgados-resultados-da-1a-e-2a-etapas-do-pas\/\" class=\"more-link\">Continue lendo <span class=\"screen-reader-text\">Divulgados resultados da 1\u00aa e 2\u00aa etapas do PAS<\/span> <span class=\"meta-nav\">&rarr;<\/span><\/a><\/p>\n","protected":false},"author":31,"featured_media":0,"comment_status":"closed","ping_status":"closed","sticky":false,"template":"","format":"standard","meta":{"ngg_post_thumbnail":0,"footnotes":""},"categories":[1,10],"tags":[166,896,2126,510,237],"class_list":["post-154877","post","type-post","status-publish","format-standard","hentry","category-noticias","category-menores","tag-estudantes","tag-ex-alunos","tag-ingressantes","tag-institucional","tag-servidores"],"_links":{"self":[{"href":"https:\/\/www.ufla.br\/dcom\/wp-json\/wp\/v2\/posts\/154877","targetHints":{"allow":["GET"]}}],"collection":[{"href":"https:\/\/www.ufla.br\/dcom\/wp-json\/wp\/v2\/posts"}],"about":[{"href":"https:\/\/www.ufla.br\/dcom\/wp-json\/wp\/v2\/types\/post"}],"author":[{"embeddable":true,"href":"https:\/\/www.ufla.br\/dcom\/wp-json\/wp\/v2\/users\/31"}],"replies":[{"embeddable":true,"href":"https:\/\/www.ufla.br\/dcom\/wp-json\/wp\/v2\/comments?post=154877"}],"version-history":[{"count":1,"href":"https:\/\/www.ufla.br\/dcom\/wp-json\/wp\/v2\/posts\/154877\/revisions"}],"predecessor-version":[{"id":154878,"href":"https:\/\/www.ufla.br\/dcom\/wp-json\/wp\/v2\/posts\/154877\/revisions\/154878"}],"wp:attachment":[{"href":"https:\/\/www.ufla.br\/dcom\/wp-json\/wp\/v2\/media?parent=154877"}],"wp:term":[{"taxonomy":"category","embeddable":true,"href":"https:\/\/www.ufla.br\/dcom\/wp-json\/wp\/v2\/categories?post=154877"},{"taxonomy":"post_tag","embeddable":true,"href":"https:\/\/www.ufla.br\/dcom\/wp-json\/wp\/v2\/tags?post=154877"}],"curies":[{"name":"wp","href":"https:\/\/api.w.org\/{rel}","templated":true}]}}