{"id":154873,"date":"2018-05-04T14:26:31","date_gmt":"2018-05-04T17:26:31","guid":{"rendered":"http:\/\/www.ufla.br\/dcom\/?p=154873"},"modified":"2018-06-26T11:37:23","modified_gmt":"2018-06-26T14:37:23","slug":"restaurante-universitario-horario-de-funcionamento-do-setor-de-recarga-nesta-sexta-4-5","status":"publish","type":"post","link":"https:\/\/www.ufla.br\/dcom\/2018\/05\/04\/restaurante-universitario-horario-de-funcionamento-do-setor-de-recarga-nesta-sexta-4-5\/","title":{"rendered":"Restaurante Universit\u00e1rio: hor\u00e1rio de funcionamento do setor de recarga nesta sexta (4\/5)"},"content":{"rendered":"<p>A Pr\u00f3-Reitoria de Assuntos Estudantis e Comunit\u00e1rios da Universidade Federal de Lavras (Praec\/UFLA), informa que o setor de recarga dos cart\u00f5es, excepcionalmente nesta sexta-feira (4\/5), abrir\u00e1 na parte da tarde \u00e0s 18h, e no s\u00e1bado (5\/5) n\u00e3o funcionar\u00e1. O Restaurante Universit\u00e1rio (RU), funcionar\u00e1 normalmente ambos os dias.<\/p>\n<h5>Rhuane Jackeline \u2013 bolsista Proat\/Dcom<\/h5>\n","protected":false},"excerpt":{"rendered":"<p>A Pr\u00f3-Reitoria de Assuntos Estudantis e Comunit\u00e1rios da Universidade Federal de Lavras (Praec\/UFLA), informa que o setor de recarga dos cart\u00f5es, excepcionalmente nesta sexta-feira (4\/5), abrir\u00e1 na parte da tarde \u00e0s 18h, e no s\u00e1bado (5\/5) n\u00e3o funcionar\u00e1. O Restaurante Universit\u00e1rio (RU), funcionar\u00e1 normalmente ambos os dias. Rhuane Jackeline \u2013 bolsista Proat\/Dcom<\/p>\n","protected":false},"author":20,"featured_media":0,"comment_status":"closed","ping_status":"closed","sticky":false,"template":"","format":"standard","meta":{"ngg_post_thumbnail":0,"footnotes":""},"categories":[1,10],"tags":[166,2126,2133,237],"class_list":["post-154873","post","type-post","status-publish","format-standard","hentry","category-noticias","category-menores","tag-estudantes","tag-ingressantes","tag-interno","tag-servidores"],"_links":{"self":[{"href":"https:\/\/www.ufla.br\/dcom\/wp-json\/wp\/v2\/posts\/154873","targetHints":{"allow":["GET"]}}],"collection":[{"href":"https:\/\/www.ufla.br\/dcom\/wp-json\/wp\/v2\/posts"}],"about":[{"href":"https:\/\/www.ufla.br\/dcom\/wp-json\/wp\/v2\/types\/post"}],"author":[{"embeddable":true,"href":"https:\/\/www.ufla.br\/dcom\/wp-json\/wp\/v2\/users\/20"}],"replies":[{"embeddable":true,"href":"https:\/\/www.ufla.br\/dcom\/wp-json\/wp\/v2\/comments?post=154873"}],"version-history":[{"count":1,"href":"https:\/\/www.ufla.br\/dcom\/wp-json\/wp\/v2\/posts\/154873\/revisions"}],"predecessor-version":[{"id":154874,"href":"https:\/\/www.ufla.br\/dcom\/wp-json\/wp\/v2\/posts\/154873\/revisions\/154874"}],"wp:attachment":[{"href":"https:\/\/www.ufla.br\/dcom\/wp-json\/wp\/v2\/media?parent=154873"}],"wp:term":[{"taxonomy":"category","embeddable":true,"href":"https:\/\/www.ufla.br\/dcom\/wp-json\/wp\/v2\/categories?post=154873"},{"taxonomy":"post_tag","embeddable":true,"href":"https:\/\/www.ufla.br\/dcom\/wp-json\/wp\/v2\/tags?post=154873"}],"curies":[{"name":"wp","href":"https:\/\/api.w.org\/{rel}","templated":true}]}}