{"id":154868,"date":"2018-05-04T13:37:48","date_gmt":"2018-05-04T16:37:48","guid":{"rendered":"http:\/\/www.ufla.br\/dcom\/?p=154868"},"modified":"2021-09-20T14:09:46","modified_gmt":"2021-09-20T17:09:46","slug":"pesquisa-que-aponta-que-muitos-cafeicultores-do-sul-de-minas-nao-usam-tecnologia-nas-lavouras-e-destaque-no-g1-sul-de-minas-e-na-eptv","status":"publish","type":"post","link":"https:\/\/www.ufla.br\/dcom\/2018\/05\/04\/pesquisa-que-aponta-que-muitos-cafeicultores-do-sul-de-minas-nao-usam-tecnologia-nas-lavouras-e-destaque-no-g1-sul-de-minas-e-na-eptv\/","title":{"rendered":"UFLA na m\u00eddia: pesquisa sobre o perfil de cafeicultores do Sul de Minas \u00e9 destaque no G1 e na EPTV"},"content":{"rendered":"<p><a href=\"http:\/\/www.ufla.br\/dcom\/wp-content\/uploads\/2018\/05\/UFLA-na-M\u00eddia-EPTV.jpg\"><img loading=\"lazy\" decoding=\"async\" class=\"alignleft wp-image-154869\" src=\"http:\/\/www.ufla.br\/dcom\/wp-content\/uploads\/2018\/05\/UFLA-na-M\u00eddia-EPTV-249x113.jpg\" alt=\"\" width=\"236\" height=\"107\" srcset=\"https:\/\/www.ufla.br\/dcom\/wp-content\/uploads\/2018\/05\/UFLA-na-M\u00eddia-EPTV-249x113.jpg 249w, https:\/\/www.ufla.br\/dcom\/wp-content\/uploads\/2018\/05\/UFLA-na-M\u00eddia-EPTV-768x350.jpg 768w, https:\/\/www.ufla.br\/dcom\/wp-content\/uploads\/2018\/05\/UFLA-na-M\u00eddia-EPTV-612x279.jpg 612w, https:\/\/www.ufla.br\/dcom\/wp-content\/uploads\/2018\/05\/UFLA-na-M\u00eddia-EPTV-120x55.jpg 120w, https:\/\/www.ufla.br\/dcom\/wp-content\/uploads\/2018\/05\/UFLA-na-M\u00eddia-EPTV.jpg 1350w\" sizes=\"auto, (max-width: 236px) 100vw, 236px\" \/><\/a>Um levantamento feito pela Universidade Federal de Lavras (UFLA) mostrou que muitos cafeicultores do Sul de Minas Gerais ainda utilizam pouca tecnologia em suas lavouras. O estudo que analisou o perfil dos cafeicultores da regi\u00e3o foi destaque na s\u00e9rie \u201cGr\u00e3o Sagrado\u201d exibido no jornal da EPTV- 2\u00aa edi\u00e7\u00e3o e G1 Sul de Minas dessa segunda-feira (30\/4).<\/p>\n<p>Durante a pesquisa foram entrevistados 179 agricultores em quatro meses. De acordo os dados, pelo menos 20% dos entrevistados disseram que n\u00e3o fazem esse tipo de trabalho anualmente e 33% tamb\u00e9m n\u00e3o tem o costume de fazer an\u00e1lise foliar.<\/p>\n<p>Segundo a pesquisadora respons\u00e1vel, Ang\u00e9lica Azevedo, \u201cO pequeno produtor, muitas vezes, \u00e9 um pouco mais complicado para ele ter acesso \u00e0 essa tecnologia, ent\u00e3o \u00e9 muito importante que \u00f3rg\u00e3os principalmente de pesquisa, como a Ufla, e outras organiza\u00e7\u00f5es de assist\u00eancia, como a Emater-MG (Empresa de Assist\u00eancia T\u00e9cnica e Extens\u00e3o Rural do Estado de Minas Gerais) e Senar (Servi\u00e7o Nacional de Aprendizagem Rural) continuem promovendo a dissemina\u00e7\u00e3o de tecnologias existentes para esses produtores e incentivando que eles busquem, que eles se atentem e procurem introduzi-las em suas propriedades\u201d.<\/p>\n<p>O estudo tamb\u00e9m apontou que as propriedades e os conhecimentos sobre a cultura s\u00e3o passados de pai para filho, al\u00e9m disso, demonstrou que quem est\u00e1 no campo, tamb\u00e9m tem amor pelo trabalho.<\/p>\n<p>Veja a mat\u00e9ria na \u00edntegra <a href=\"https:\/\/g1.globo.com\/mg\/sul-de-minas\/grao-sagrado\/noticia\/estudo-mostra-que-muitos-cafeicultores-ainda-nao-usam-tecnologia-nas-lavouras-no-sul-de-mg.ghtml\"><strong>aqui<\/strong>.<\/a><\/p>\n<p><em><strong>Luciana Tereza- estagi\u00e1ria Dcom\/UFLA.<\/strong><\/em><\/p>\n<p>Esse conte\u00fado de populariza\u00e7\u00e3o da ci\u00eancia foi produzido com o apoio da Funda\u00e7\u00e3o de Amparo \u00e0 Pesquisa de Minas Gerais &#8211; Fapemig.<\/p>\n","protected":false},"excerpt":{"rendered":"<p>Um levantamento feito pela Universidade Federal de Lavras (UFLA) mostrou que muitos cafeicultores do Sul de Minas Gerais ainda utilizam pouca tecnologia em suas lavouras. O estudo que analisou o perfil dos cafeicultores da regi\u00e3o foi destaque na s\u00e9rie \u201cGr\u00e3o Sagrado\u201d exibido no jornal da EPTV- 2\u00aa edi\u00e7\u00e3o e G1 Sul de Minas dessa segunda-feira &hellip; <a href=\"https:\/\/www.ufla.br\/dcom\/2018\/05\/04\/pesquisa-que-aponta-que-muitos-cafeicultores-do-sul-de-minas-nao-usam-tecnologia-nas-lavouras-e-destaque-no-g1-sul-de-minas-e-na-eptv\/\" class=\"more-link\">Continue lendo <span class=\"screen-reader-text\">UFLA na m\u00eddia: pesquisa sobre o perfil de cafeicultores do Sul de Minas \u00e9 destaque no G1 e na EPTV<\/span> <span class=\"meta-nav\">&rarr;<\/span><\/a><\/p>\n","protected":false},"author":20,"featured_media":0,"comment_status":"closed","ping_status":"closed","sticky":false,"template":"","format":"standard","meta":{"ngg_post_thumbnail":0,"footnotes":""},"categories":[1,10],"tags":[166,2126,510,237],"class_list":["post-154868","post","type-post","status-publish","format-standard","hentry","category-noticias","category-menores","tag-estudantes","tag-ingressantes","tag-institucional","tag-servidores"],"_links":{"self":[{"href":"https:\/\/www.ufla.br\/dcom\/wp-json\/wp\/v2\/posts\/154868","targetHints":{"allow":["GET"]}}],"collection":[{"href":"https:\/\/www.ufla.br\/dcom\/wp-json\/wp\/v2\/posts"}],"about":[{"href":"https:\/\/www.ufla.br\/dcom\/wp-json\/wp\/v2\/types\/post"}],"author":[{"embeddable":true,"href":"https:\/\/www.ufla.br\/dcom\/wp-json\/wp\/v2\/users\/20"}],"replies":[{"embeddable":true,"href":"https:\/\/www.ufla.br\/dcom\/wp-json\/wp\/v2\/comments?post=154868"}],"version-history":[{"count":9,"href":"https:\/\/www.ufla.br\/dcom\/wp-json\/wp\/v2\/posts\/154868\/revisions"}],"predecessor-version":[{"id":159179,"href":"https:\/\/www.ufla.br\/dcom\/wp-json\/wp\/v2\/posts\/154868\/revisions\/159179"}],"wp:attachment":[{"href":"https:\/\/www.ufla.br\/dcom\/wp-json\/wp\/v2\/media?parent=154868"}],"wp:term":[{"taxonomy":"category","embeddable":true,"href":"https:\/\/www.ufla.br\/dcom\/wp-json\/wp\/v2\/categories?post=154868"},{"taxonomy":"post_tag","embeddable":true,"href":"https:\/\/www.ufla.br\/dcom\/wp-json\/wp\/v2\/tags?post=154868"}],"curies":[{"name":"wp","href":"https:\/\/api.w.org\/{rel}","templated":true}]}}