{"id":154853,"date":"2018-05-04T12:15:12","date_gmt":"2018-05-04T15:15:12","guid":{"rendered":"http:\/\/www.ufla.br\/dcom\/?p=154853"},"modified":"2018-06-26T11:33:39","modified_gmt":"2018-06-26T14:33:39","slug":"aberto-processo-seletivo-da-ufla-para-a-contratacao-de-nove-professores-substitutos","status":"publish","type":"post","link":"https:\/\/www.ufla.br\/dcom\/2018\/05\/04\/aberto-processo-seletivo-da-ufla-para-a-contratacao-de-nove-professores-substitutos\/","title":{"rendered":"Processo seletivo para a contrata\u00e7\u00e3o de nove professores substitutos- inscri\u00e7\u00f5es abertas"},"content":{"rendered":"<p><a href=\"http:\/\/www.ufla.br\/dcom\/wp-content\/uploads\/2018\/05\/Professor-Substituto.jpg\"><img loading=\"lazy\" decoding=\"async\" class=\"alignleft wp-image-154856\" src=\"http:\/\/www.ufla.br\/dcom\/wp-content\/uploads\/2018\/05\/Professor-Substituto-249x169.jpg\" alt=\"\" width=\"223\" height=\"151\" srcset=\"https:\/\/www.ufla.br\/dcom\/wp-content\/uploads\/2018\/05\/Professor-Substituto-249x169.jpg 249w, https:\/\/www.ufla.br\/dcom\/wp-content\/uploads\/2018\/05\/Professor-Substituto-768x522.jpg 768w, https:\/\/www.ufla.br\/dcom\/wp-content\/uploads\/2018\/05\/Professor-Substituto-612x416.jpg 612w, https:\/\/www.ufla.br\/dcom\/wp-content\/uploads\/2018\/05\/Professor-Substituto-120x82.jpg 120w, https:\/\/www.ufla.br\/dcom\/wp-content\/uploads\/2018\/05\/Professor-Substituto.jpg 1200w\" sizes=\"auto, (max-width: 223px) 100vw, 223px\" \/><\/a>Est\u00e3o abertas as inscri\u00e7\u00f5es para o processo seletivo que visa a contrata\u00e7\u00e3o de professores substitutos para a Universidade Federal de Lavras (UFLA). S\u00e3o nove vagas para as \u00e1reas de Fruticultura de Clima Temperado; Ci\u00eancias Sociais; L\u00edngua Brasileira de Sinais; Pol\u00edticas p\u00fablicas educacionais; Saneamento Ambiental; Seguran\u00e7a do Trabalho e Gest\u00e3o da Qualidade; Teoria do Direito e Direito Constitucional; F\u00edsico-Qu\u00edmica e Doen\u00e7as de Aves e Su\u00ednos Dom\u00e9sticos.<\/p>\n<p>As inscri\u00e7\u00f5es devem ser realizadas no endere\u00e7o eletr\u00f4nico <a href=\"http:\/\/www.prgdp.ufla.br\/site\/selecao-para-professor-substituto\">www.prgdp.ufla.br\/site\/selecao-para-professor-substituto&nbsp;<\/a>at\u00e9 \u00e0s 23h59 do dia <strong>11\/5<\/strong><strong>\/<\/strong><strong>2018<\/strong> (hor\u00e1rio oficial de Bras\u00edlia).<\/p>\n<p>&nbsp;<\/p>\n<p><a href=\"http:\/\/www.ufla.br\/dcom\/wp-content\/uploads\/2018\/05\/Sem-t\u00edtulo.png\"><img loading=\"lazy\" decoding=\"async\" class=\"aligncenter wp-image-154854 size-large\" src=\"http:\/\/www.ufla.br\/dcom\/wp-content\/uploads\/2018\/05\/Sem-t\u00edtulo-612x342.png\" alt=\"\" width=\"612\" height=\"342\" srcset=\"https:\/\/www.ufla.br\/dcom\/wp-content\/uploads\/2018\/05\/Sem-t\u00edtulo-612x342.png 612w, https:\/\/www.ufla.br\/dcom\/wp-content\/uploads\/2018\/05\/Sem-t\u00edtulo-249x139.png 249w, https:\/\/www.ufla.br\/dcom\/wp-content\/uploads\/2018\/05\/Sem-t\u00edtulo-768x429.png 768w, https:\/\/www.ufla.br\/dcom\/wp-content\/uploads\/2018\/05\/Sem-t\u00edtulo-120x67.png 120w, https:\/\/www.ufla.br\/dcom\/wp-content\/uploads\/2018\/05\/Sem-t\u00edtulo.png 1109w\" sizes=\"auto, (max-width: 612px) 100vw, 612px\" \/><\/a><\/p>\n<p>&nbsp;<\/p>\n<p>O candidato aprovado ser\u00e1 contratado nos termos da Lei n\u00ba 8.745\/93, com remunera\u00e7\u00e3o correspondente ao n\u00edvel 1 da classe A, da carreira de Magist\u00e9rio Superior, que ser\u00e1 composta de Vencimento B\u00e1sico, al\u00e9m da parcela referente ao aux\u00edlio-alimenta\u00e7\u00e3o e ao aux\u00edlio-transporte. Com vencimento b\u00e1sico de R$3.121,76. Retribui\u00e7\u00e3o por titula\u00e7\u00e3o de R$1.119,29 para mestrado e de R$2.620,38 para doutorado.&nbsp;<\/p>\n<p>A sele\u00e7\u00e3o constar\u00e1 de prova did\u00e1tica e prova de t\u00edtulos. A prova did\u00e1tica ter\u00e1 como objetivo apurar do candidato seu desempenho nos seguintes itens, os quais ser\u00e3o valorados da seguinte forma:<\/p>\n<p>-Plano de aula (5 pontos).<\/p>\n<p>-Sequ\u00eancia e articula\u00e7\u00e3o das ideias (introdu\u00e7\u00e3o, desenvolvimento e conclus\u00e3o) ao expor o conte\u00fado (20 pontos).<\/p>\n<p>-Dom\u00ednio do conte\u00fado (25 pontos).<\/p>\n<p>-Uso de linguagem t\u00e9cnico-cient\u00edfica adequada ao tema (10 pontos).<\/p>\n<p>-Utiliza\u00e7\u00e3o de recursos disponibilizados e adequa\u00e7\u00e3o ao plano de aula (10 pontos).<\/p>\n<p>-Criatividade, assertividade, postura e capacidade de comunica\u00e7\u00e3o (20 pontos).<\/p>\n<p>Mais informa\u00e7\u00f5es poder\u00e3o ser obtidas na Coordenadoria de Sele\u00e7\u00e3o da PRGDP pelo telefone (35) 3829-1146, ou no endere\u00e7o eletr\u00f4nico <u><a href=\"http:\/\/www.prgdp.ufla.br\/site\/selecao-para-professor-substituto\">www.prgdp.ufla.br\/site\/selecao-para-professor-substituto<\/a><\/u>.<\/p>\n","protected":false},"excerpt":{"rendered":"<p>S\u00e3o nove vagas para as \u00e1reas de Fruticultura de Clima Temperado, Ci\u00eancias Sociais, L\u00edngua Brasileira de Sinais, Pol\u00edticas p\u00fablicas educacionais, Saneamento Ambiental, Seguran\u00e7a do Trabalho e Gest\u00e3o da Qualidade, Teoria do Direito e Direito Constitucional, F\u00edsico-Qu\u00edmica e Doen\u00e7as de Aves e Su\u00ednos Dom\u00e9sticos (&#8230;)<\/p>\n","protected":false},"author":32,"featured_media":0,"comment_status":"closed","ping_status":"closed","sticky":false,"template":"","format":"standard","meta":{"ngg_post_thumbnail":0,"footnotes":""},"categories":[1],"tags":[1287,896,2126,510,237],"class_list":["post-154853","post","type-post","status-publish","format-standard","hentry","category-noticias","tag-estudante","tag-ex-alunos","tag-ingressantes","tag-institucional","tag-servidores"],"_links":{"self":[{"href":"https:\/\/www.ufla.br\/dcom\/wp-json\/wp\/v2\/posts\/154853","targetHints":{"allow":["GET"]}}],"collection":[{"href":"https:\/\/www.ufla.br\/dcom\/wp-json\/wp\/v2\/posts"}],"about":[{"href":"https:\/\/www.ufla.br\/dcom\/wp-json\/wp\/v2\/types\/post"}],"author":[{"embeddable":true,"href":"https:\/\/www.ufla.br\/dcom\/wp-json\/wp\/v2\/users\/32"}],"replies":[{"embeddable":true,"href":"https:\/\/www.ufla.br\/dcom\/wp-json\/wp\/v2\/comments?post=154853"}],"version-history":[{"count":11,"href":"https:\/\/www.ufla.br\/dcom\/wp-json\/wp\/v2\/posts\/154853\/revisions"}],"predecessor-version":[{"id":154866,"href":"https:\/\/www.ufla.br\/dcom\/wp-json\/wp\/v2\/posts\/154853\/revisions\/154866"}],"wp:attachment":[{"href":"https:\/\/www.ufla.br\/dcom\/wp-json\/wp\/v2\/media?parent=154853"}],"wp:term":[{"taxonomy":"category","embeddable":true,"href":"https:\/\/www.ufla.br\/dcom\/wp-json\/wp\/v2\/categories?post=154853"},{"taxonomy":"post_tag","embeddable":true,"href":"https:\/\/www.ufla.br\/dcom\/wp-json\/wp\/v2\/tags?post=154853"}],"curies":[{"name":"wp","href":"https:\/\/api.w.org\/{rel}","templated":true}]}}