{"id":154763,"date":"2018-04-30T18:01:53","date_gmt":"2018-04-30T21:01:53","guid":{"rendered":"http:\/\/www.ufla.br\/dcom\/?p=154763"},"modified":"2018-06-26T11:40:10","modified_gmt":"2018-06-26T14:40:10","slug":"projeto-de-extensao-incubacoop-ufla-promove-o-desenvolvimento-de-associacoes-e-cooperativas-populares","status":"publish","type":"post","link":"https:\/\/www.ufla.br\/dcom\/2018\/04\/30\/projeto-de-extensao-incubacoop-ufla-promove-o-desenvolvimento-de-associacoes-e-cooperativas-populares\/","title":{"rendered":"Projeto de extens\u00e3o Incubacoop\/UFLA promove o desenvolvimento de associa\u00e7\u00f5es e cooperativas populares"},"content":{"rendered":"<p><iframe loading=\"lazy\" title=\"UFLA na Comunidade: Incubacoop\/UFLA\" width=\"474\" height=\"267\" src=\"https:\/\/www.youtube.com\/embed\/DHgKAcselnY?feature=oembed\" frameborder=\"0\" allow=\"accelerometer; autoplay; clipboard-write; encrypted-media; gyroscope; picture-in-picture; web-share\" referrerpolicy=\"strict-origin-when-cross-origin\" allowfullscreen><\/iframe><\/p>\n<p>Uma iniciativa voltada para a promo\u00e7\u00e3o da economia solid\u00e1ria e do cooperativismo popular &#8211; esse \u00e9 o trabalho da Incubadora Tecnol\u00f3gica de Cooperativas Populares (Incubacoop\/UFLA), um projeto de extens\u00e3o vinculado \u00e0 Pr\u00f3-Reitoria de Extens\u00e3o e Cultura (Proec) que teve in\u00edcio em 2005, sob a orienta\u00e7\u00e3o do professor Jos\u00e9 Roberto Pereira, do Departamento de Administra\u00e7\u00e3o e Economia (DAE).<\/p>\n<p>O projeto visa assessorar a constitui\u00e7\u00e3o e funcionamento de cooperativas populares no munic\u00edpio de Lavras e regi\u00e3o, no intuito de gerar trabalho e renda, recursos financeiros e consci\u00eancia cooperativista das pessoas envolvidas no trabalho.<\/p>\n<p>De acordo com o atual coordenador do projeto, professor Valder\u00ed de Castro Alc\u00e2ntara, uma incubadora tecnol\u00f3gica de cooperativas se diferencia de outras organiza\u00e7\u00f5es justamente por trabalhar com valores que v\u00eam da economia solid\u00e1ria e do cooperativismo popular. Al\u00e9m disso, por se orientar sob a \u00f3tica de um m\u00e9todo emancipador, o grupo de estudantes n\u00e3o executa as tarefas da associa\u00e7\u00e3o ou cooperativa, mas sim estimula o desenvolvimento das pessoas ali envolvidas. \u201cO processo de incuba\u00e7\u00e3o \u00e9 mais longo, pois demanda uma constru\u00e7\u00e3o de racioc\u00ednio de todo grupo\u201d, ressalta.<\/p>\n<p><strong>O que \u00e9 economia solid\u00e1ria?<\/strong><\/p>\n<p>Valder\u00ed explica que a alternativa busca desenvolver atividade econ\u00f4mica a partir de outra economia poss\u00edvel: a cooperativista. \u201cEssas associa\u00e7\u00f5es e cooperativas populares desenvolvem suas atividades fora de um mercado formal de trabalho. Al\u00e9m disso, tratam de quest\u00f5es extremamente importantes, como as sociais e ambientais, e desenvolvem tudo isso a partir de valores como a coopera\u00e7\u00e3o e a igualdade na gest\u00e3o de empreendimento, sem haver a tradicional hierarquia de empresas.\u201d<\/p>\n<p>O coordenador geral da Associa\u00e7\u00e3o Comunit\u00e1ria dos Bairros Jardim Gl\u00f3ria e Campestre I, II e III, Samir Oliveira, conta que o grupo \u00e9 atendido pela Incubacoop h\u00e1 mais de cinco anos. \u201cAl\u00e9m de apoio t\u00e9cnico, a incubadora tamb\u00e9m proporciona um apoio moral aos associados, e isso os engrandece como cidad\u00e3os\u201d, afirma.<\/p>\n<p>Os estudantes de Administra\u00e7\u00e3o P\u00fablica, Camila Pereira de Souza e Eduardo Armani Rooke, relatam que trabalhar com um projeto de extens\u00e3o proporciona tanto aprendizado acad\u00eamico, quanto de vida pessoal. &#8220;Isso traz um enriquecimento na universidade e na vida. A gente consegue fazer essa rela\u00e7\u00e3o com a comunidade e ver a realidade das pessoas. Vivemos restritos a um ambiente e, pra sair dele, \u00e9 preciso entrar em contato com as adversidades&#8221;, ressalta Eduardo. &nbsp;<\/p>\n<p>Eduardo ainda completa que fica gratificado em saber que sua forma\u00e7\u00e3o possibilita uma mudan\u00e7a na vida das pessoas. \u201c\u00c9 um crescimento pessoal e profissional. Agregar esse conhecimento \u00e0 pratica e para a melhoria da vida das pessoas \u00e9 imensur\u00e1vel&#8221; , conclui.<\/p>\n<p><strong>&nbsp;<\/strong>Com uma equipe multidisciplinar de estudantes, orientadores e professores volunt\u00e1rios de diversas \u00e1reas do conhecimento, a Incubacoop est\u00e1 sediada no Bloco III do DAE. O servi\u00e7o \u00e9 gratuito, e os grupos interessados podem entrar em contato pelo telefone (35) 3829-1458 ou pelo email incubacoop@gmail.com. O hor\u00e1rio de funcionamento \u00e9 de segunda \u00e0 sexta-feira entre 8h \u00e0s 11h e das 14h \u00e0s 17h.<\/p>\n<h5><em>Alberto Moura, estagi\u00e1rio DCOM\/UFLA<\/em><\/h5>\n<p>&nbsp;<\/p>\n","protected":false},"excerpt":{"rendered":"<p>Uma iniciativa voltada para a promo\u00e7\u00e3o da economia solid\u00e1ria e do cooperativismo popular &#8211; esse \u00e9 o trabalho da Incubadora Tecnol\u00f3gica de Cooperativas Populares (Incubacoop\/UFLA), um projeto de extens\u00e3o vinculado \u00e0 Pr\u00f3-Reitoria de Extens\u00e3o e Cultura (Proec) que teve in\u00edcio em 2005, sob a orienta\u00e7\u00e3o do professor Jos\u00e9 Roberto Pereira, do Departamento de Administra\u00e7\u00e3o e &hellip; <a href=\"https:\/\/www.ufla.br\/dcom\/2018\/04\/30\/projeto-de-extensao-incubacoop-ufla-promove-o-desenvolvimento-de-associacoes-e-cooperativas-populares\/\" class=\"more-link\">Continue lendo <span class=\"screen-reader-text\">Projeto de extens\u00e3o Incubacoop\/UFLA promove o desenvolvimento de associa\u00e7\u00f5es e cooperativas populares<\/span> <span class=\"meta-nav\">&rarr;<\/span><\/a><\/p>\n","protected":false},"author":20,"featured_media":0,"comment_status":"closed","ping_status":"closed","sticky":false,"template":"","format":"standard","meta":{"ngg_post_thumbnail":0,"footnotes":""},"categories":[1,10],"tags":[166,2129,2126,237],"class_list":["post-154763","post","type-post","status-publish","format-standard","hentry","category-noticias","category-menores","tag-estudantes","tag-extensao-e-cultura","tag-ingressantes","tag-servidores"],"_links":{"self":[{"href":"https:\/\/www.ufla.br\/dcom\/wp-json\/wp\/v2\/posts\/154763","targetHints":{"allow":["GET"]}}],"collection":[{"href":"https:\/\/www.ufla.br\/dcom\/wp-json\/wp\/v2\/posts"}],"about":[{"href":"https:\/\/www.ufla.br\/dcom\/wp-json\/wp\/v2\/types\/post"}],"author":[{"embeddable":true,"href":"https:\/\/www.ufla.br\/dcom\/wp-json\/wp\/v2\/users\/20"}],"replies":[{"embeddable":true,"href":"https:\/\/www.ufla.br\/dcom\/wp-json\/wp\/v2\/comments?post=154763"}],"version-history":[{"count":2,"href":"https:\/\/www.ufla.br\/dcom\/wp-json\/wp\/v2\/posts\/154763\/revisions"}],"predecessor-version":[{"id":154765,"href":"https:\/\/www.ufla.br\/dcom\/wp-json\/wp\/v2\/posts\/154763\/revisions\/154765"}],"wp:attachment":[{"href":"https:\/\/www.ufla.br\/dcom\/wp-json\/wp\/v2\/media?parent=154763"}],"wp:term":[{"taxonomy":"category","embeddable":true,"href":"https:\/\/www.ufla.br\/dcom\/wp-json\/wp\/v2\/categories?post=154763"},{"taxonomy":"post_tag","embeddable":true,"href":"https:\/\/www.ufla.br\/dcom\/wp-json\/wp\/v2\/tags?post=154763"}],"curies":[{"name":"wp","href":"https:\/\/api.w.org\/{rel}","templated":true}]}}