{"id":154757,"date":"2018-04-30T17:04:12","date_gmt":"2018-04-30T20:04:12","guid":{"rendered":"http:\/\/www.ufla.br\/dcom\/?p=154757"},"modified":"2018-06-22T15:25:14","modified_gmt":"2018-06-22T18:25:14","slug":"projeto-interdisciplinar-do-curso-de-pedagogia-da-ufla-discute-o-uso-adequado-da-agua-em-escola-publica-de-macaia","status":"publish","type":"post","link":"https:\/\/www.ufla.br\/dcom\/2018\/04\/30\/projeto-interdisciplinar-do-curso-de-pedagogia-da-ufla-discute-o-uso-adequado-da-agua-em-escola-publica-de-macaia\/","title":{"rendered":"Projeto interdisciplinar do curso de Pedagogia da UFLA discute o uso adequado da \u00e1gua em escola p\u00fablica de Macaia"},"content":{"rendered":"<p><a href=\"http:\/\/www.ufla.br\/dcom\/wp-content\/uploads\/2018\/04\/IMG-20180427-WA0019.jpg\"><img loading=\"lazy\" decoding=\"async\" class=\"size-medium wp-image-154758 alignleft\" src=\"http:\/\/www.ufla.br\/dcom\/wp-content\/uploads\/2018\/04\/IMG-20180427-WA0019-249x175.jpg\" alt=\"\" width=\"249\" height=\"175\" srcset=\"https:\/\/www.ufla.br\/dcom\/wp-content\/uploads\/2018\/04\/IMG-20180427-WA0019-249x175.jpg 249w, https:\/\/www.ufla.br\/dcom\/wp-content\/uploads\/2018\/04\/IMG-20180427-WA0019-768x538.jpg 768w, https:\/\/www.ufla.br\/dcom\/wp-content\/uploads\/2018\/04\/IMG-20180427-WA0019-612x429.jpg 612w, https:\/\/www.ufla.br\/dcom\/wp-content\/uploads\/2018\/04\/IMG-20180427-WA0019-120x84.jpg 120w, https:\/\/www.ufla.br\/dcom\/wp-content\/uploads\/2018\/04\/IMG-20180427-WA0019.jpg 1220w\" sizes=\"auto, (max-width: 249px) 100vw, 249px\" \/><\/a>Um projeto do curso de Pedagogia da UFLA tem promovido a discuss\u00e3o de pr\u00e1ticas socioambientais em escolas da rede p\u00fablica de Lavras e regi\u00e3o. No dia 19\/4, o tema \u201cSustentabilidade\u201d norteou o encontro entre estudantes e professoras da educa\u00e7\u00e3o b\u00e1sica na Escola Municipal Professora Henriqueta Vitorinha Maia Botelho, em Macaia.<\/p>\n<p>Na oportunidade, a professora do Departamento de Educa\u00e7\u00e3o (DED\/UFLA), Elaine das Gra\u00e7as Frade, apresentou uma proposta de capta\u00e7\u00e3o de \u00e1gua de chuva feita de forma artesanal para reutiliza\u00e7\u00e3o nos espa\u00e7os escolares \u2013 projeto que consta entre as metas da escola, que participa da <a href=\"http:\/\/conferenciainfanto.mec.gov.br\/index.php#ancora\">V Confer\u00eancia Nacional Infanto Juvenil pelo Meio Ambiente<\/a>, realizada \u00d3rg\u00e3o Gestor da Pol\u00edtica Nacional de Educa\u00e7\u00e3o Ambiental (PNEA), constitu\u00eddo pelo Minist\u00e9rio da Educa\u00e7\u00e3o (MEC) e pelo Minist\u00e9rio do Meio Ambiente (MMA).<\/p>\n<p>De acordo com a professora, a iniciativa surgiu da uni\u00e3o de disciplinas do curso de Pedagogia que trabalham a quest\u00e3o interdisciplinar em formato de projetos e do Laborat\u00f3rio de Pr\u00e1ticas Pedag\u00f3gicas Socioambientais e Interdisciplinares (LPPSI). \u201cAo longo dos semestres, promovemos a\u00e7\u00f5es que discutem a sustentabilidade como estrat\u00e9gia para o desenvolvimento de metodologias de ensino, e a E.M. Prof\u00aa Henriqueta Vitorinha Maia Botelho constitui-se em um espa\u00e7o de viv\u00eancias dessas aprendizagens\u201d, explica. O uso adequado da \u00e1gua e sua preserva\u00e7\u00e3o tem sido o tema central das discuss\u00f5es.<\/p>\n<p><a href=\"http:\/\/www.ufla.br\/dcom\/wp-content\/uploads\/2018\/04\/Sem-t\u00edtulo2.jpg\"><img loading=\"lazy\" decoding=\"async\" class=\"size-medium wp-image-154760 alignright\" src=\"http:\/\/www.ufla.br\/dcom\/wp-content\/uploads\/2018\/04\/Sem-t\u00edtulo2-249x187.jpg\" alt=\"\" width=\"249\" height=\"187\" srcset=\"https:\/\/www.ufla.br\/dcom\/wp-content\/uploads\/2018\/04\/Sem-t\u00edtulo2-249x187.jpg 249w, https:\/\/www.ufla.br\/dcom\/wp-content\/uploads\/2018\/04\/Sem-t\u00edtulo2-768x576.jpg 768w, https:\/\/www.ufla.br\/dcom\/wp-content\/uploads\/2018\/04\/Sem-t\u00edtulo2-612x459.jpg 612w, https:\/\/www.ufla.br\/dcom\/wp-content\/uploads\/2018\/04\/Sem-t\u00edtulo2-120x90.jpg 120w, https:\/\/www.ufla.br\/dcom\/wp-content\/uploads\/2018\/04\/Sem-t\u00edtulo2.jpg 1299w\" sizes=\"auto, (max-width: 249px) 100vw, 249px\" \/><\/a><a href=\"http:\/\/www.ufla.br\/dcom\/wp-content\/uploads\/2018\/04\/Sem-t\u00edtulo-1.jpg\"><img loading=\"lazy\" decoding=\"async\" class=\" wp-image-154759 alignright\" src=\"http:\/\/www.ufla.br\/dcom\/wp-content\/uploads\/2018\/04\/Sem-t\u00edtulo-1-187x249.jpg\" alt=\"\" width=\"156\" height=\"209\" srcset=\"https:\/\/www.ufla.br\/dcom\/wp-content\/uploads\/2018\/04\/Sem-t\u00edtulo-1-187x249.jpg 187w, https:\/\/www.ufla.br\/dcom\/wp-content\/uploads\/2018\/04\/Sem-t\u00edtulo-1-612x816.jpg 612w, https:\/\/www.ufla.br\/dcom\/wp-content\/uploads\/2018\/04\/Sem-t\u00edtulo-1-90x120.jpg 90w, https:\/\/www.ufla.br\/dcom\/wp-content\/uploads\/2018\/04\/Sem-t\u00edtulo-1.jpg 745w\" sizes=\"auto, (max-width: 156px) 100vw, 156px\" \/><\/a> Como registro das atividades realizadas dentro do projeto interdisciplinar, estudantes da escola elaboraram o conte\u00fado para a cartilha \u201cVamos Cuidar do Brasil \u2013 Cuidando das \u00c1guas\u201d, uma das etapas da V CNIJMA. A escola tamb\u00e9m elegeu o estudante do 5\u00ba ano, Jo\u00e3o Pedro Andrade da Silva, como representante da comunidade escolar para o projeto.<\/p>\n<p>&nbsp;<\/p>\n<h3>&nbsp;<\/h3>\n","protected":false},"excerpt":{"rendered":"<p>Um projeto do curso de Pedagogia da UFLA tem promovido a discuss\u00e3o de pr\u00e1ticas socioambientais em escolas da rede p\u00fablica de Lavras e regi\u00e3o. No dia 19\/4, o tema \u201cSustentabilidade\u201d norteou o encontro entre estudantes e professoras da educa\u00e7\u00e3o b\u00e1sica na Escola Municipal Professora Henriqueta Vitorinha Maia Botelho, em Macaia. Na oportunidade, a professora do &hellip; <a href=\"https:\/\/www.ufla.br\/dcom\/2018\/04\/30\/projeto-interdisciplinar-do-curso-de-pedagogia-da-ufla-discute-o-uso-adequado-da-agua-em-escola-publica-de-macaia\/\" class=\"more-link\">Continue lendo <span class=\"screen-reader-text\">Projeto interdisciplinar do curso de Pedagogia da UFLA discute o uso adequado da \u00e1gua em escola p\u00fablica de Macaia<\/span> <span class=\"meta-nav\">&rarr;<\/span><\/a><\/p>\n","protected":false},"author":31,"featured_media":0,"comment_status":"closed","ping_status":"closed","sticky":false,"template":"","format":"standard","meta":{"ngg_post_thumbnail":0,"footnotes":""},"categories":[1,9],"tags":[166,896,2129,237],"class_list":["post-154757","post","type-post","status-publish","format-standard","hentry","category-noticias","category-secundaria","tag-estudantes","tag-ex-alunos","tag-extensao-e-cultura","tag-servidores"],"_links":{"self":[{"href":"https:\/\/www.ufla.br\/dcom\/wp-json\/wp\/v2\/posts\/154757","targetHints":{"allow":["GET"]}}],"collection":[{"href":"https:\/\/www.ufla.br\/dcom\/wp-json\/wp\/v2\/posts"}],"about":[{"href":"https:\/\/www.ufla.br\/dcom\/wp-json\/wp\/v2\/types\/post"}],"author":[{"embeddable":true,"href":"https:\/\/www.ufla.br\/dcom\/wp-json\/wp\/v2\/users\/31"}],"replies":[{"embeddable":true,"href":"https:\/\/www.ufla.br\/dcom\/wp-json\/wp\/v2\/comments?post=154757"}],"version-history":[{"count":1,"href":"https:\/\/www.ufla.br\/dcom\/wp-json\/wp\/v2\/posts\/154757\/revisions"}],"predecessor-version":[{"id":154762,"href":"https:\/\/www.ufla.br\/dcom\/wp-json\/wp\/v2\/posts\/154757\/revisions\/154762"}],"wp:attachment":[{"href":"https:\/\/www.ufla.br\/dcom\/wp-json\/wp\/v2\/media?parent=154757"}],"wp:term":[{"taxonomy":"category","embeddable":true,"href":"https:\/\/www.ufla.br\/dcom\/wp-json\/wp\/v2\/categories?post=154757"},{"taxonomy":"post_tag","embeddable":true,"href":"https:\/\/www.ufla.br\/dcom\/wp-json\/wp\/v2\/tags?post=154757"}],"curies":[{"name":"wp","href":"https:\/\/api.w.org\/{rel}","templated":true}]}}