{"id":153986,"date":"2018-04-11T11:13:48","date_gmt":"2018-04-11T14:13:48","guid":{"rendered":"http:\/\/www.ufla.br\/ascom\/?p=153986"},"modified":"2018-06-26T12:43:34","modified_gmt":"2018-06-26T15:43:34","slug":"i-conferencia-sobre-estudos-africanos-e-latinos-sera-realizada-na-ufla-de-28-a-30-de-maio","status":"publish","type":"post","link":"https:\/\/www.ufla.br\/dcom\/2018\/04\/11\/i-conferencia-sobre-estudos-africanos-e-latinos-sera-realizada-na-ufla-de-28-a-30-de-maio\/","title":{"rendered":"I Confer\u00eancia sobre Estudos Africanos e Latinos ser\u00e1 realizada na UFLA de 28 a 30 de maio"},"content":{"rendered":"<p><a href=\"http:\/\/www.ufla.br\/ascom\/wp-content\/uploads\/2018\/01\/NAAS.jpg\"><img loading=\"lazy\" decoding=\"async\" class=\"alignleft wp-image-148235 size-medium\" src=\"http:\/\/www.ufla.br\/ascom\/wp-content\/uploads\/2018\/01\/NAAS-249x203.jpg\" alt=\"\" width=\"249\" height=\"203\" srcset=\"https:\/\/www.ufla.br\/dcom\/wp-content\/uploads\/2018\/01\/NAAS-249x203.jpg 249w, https:\/\/www.ufla.br\/dcom\/wp-content\/uploads\/2018\/01\/NAAS-120x98.jpg 120w, https:\/\/www.ufla.br\/dcom\/wp-content\/uploads\/2018\/01\/NAAS.jpg 584w\" sizes=\"auto, (max-width: 249px) 100vw, 249px\" \/><\/a>A&nbsp;Universidade Federal de Lavras (UFLA) e a&nbsp;<a href=\"https:\/\/www.naaas.org\/\">National Association of African American Studies and Affiliates<\/a> (Associa\u00e7\u00e3o Nacional de Estudos Afro-americanos e Afiliadas\/NAAAS) realizar\u00e3o a I Confer\u00eancia sobre Estudos Africanos e Latinos de 28 a 30 de maio.&nbsp;<\/p>\n<p>\u200bO primeiro evento internacional com a colabora\u00e7\u00e3o dessas duas institui\u00e7\u00f5es se constituir\u00e1 em uma ocasi\u00e3o prop\u00edcia ao interc\u00e2mbio e debate de saberes, experi\u00eancias e novos desenvolvimentos te\u00f3ricos entre interessados em quest\u00f5es africanas e afro-americanas, hisp\u00e2nicas, latinas e chicanas, ind\u00edgenas e asi\u00e1ticas.<\/p>\n<p>O Congresso contar\u00e1 com a participa\u00e7\u00e3o de professores, estudantes de gradua\u00e7\u00e3o e p\u00f3s-gradua\u00e7\u00e3o de diferentes \u00e1reas do conhecimento da UFLA, da NAAAS e de outras Institui\u00e7\u00f5es e Grupos Comunit\u00e1rios por meio de Mesas Redondas, Simp\u00f3sios, Comunica\u00e7\u00f5es e P\u00f4steres e Apresenta\u00e7\u00f5es Culturais.<\/p>\n<p>Programa\u00e7\u00e3o do evento: <a href=\"https:\/\/naaasconferenceatufla.weebly.com\/programacao.html\">https:\/\/naaasconferenceatufla.weebly.com\/programacao.html<\/a><\/p>\n","protected":false},"excerpt":{"rendered":"<p>A&nbsp;Universidade Federal de Lavras (UFLA) e a&nbsp;National Association of African American Studies and Affiliates (Associa\u00e7\u00e3o Nacional de Estudos Afro-americanos e Afiliadas\/NAAAS) realizar\u00e3o a I Confer\u00eancia sobre Estudos Africanos e Latinos de 28 a 30 de maio.&nbsp; \u200bO primeiro evento internacional com a colabora\u00e7\u00e3o dessas duas institui\u00e7\u00f5es se constituir\u00e1 em uma ocasi\u00e3o prop\u00edcia ao interc\u00e2mbio e &hellip; <a href=\"https:\/\/www.ufla.br\/dcom\/2018\/04\/11\/i-conferencia-sobre-estudos-africanos-e-latinos-sera-realizada-na-ufla-de-28-a-30-de-maio\/\" class=\"more-link\">Continue lendo <span class=\"screen-reader-text\">I Confer\u00eancia sobre Estudos Africanos e Latinos ser\u00e1 realizada na UFLA de 28 a 30 de maio<\/span> <span class=\"meta-nav\">&rarr;<\/span><\/a><\/p>\n","protected":false},"author":32,"featured_media":0,"comment_status":"closed","ping_status":"closed","sticky":false,"template":"","format":"standard","meta":{"ngg_post_thumbnail":0,"footnotes":""},"categories":[1,10],"tags":[1287,23,896,2126,510,237],"class_list":["post-153986","post","type-post","status-publish","format-standard","hentry","category-noticias","category-menores","tag-estudante","tag-evento","tag-ex-alunos","tag-ingressantes","tag-institucional","tag-servidores"],"_links":{"self":[{"href":"https:\/\/www.ufla.br\/dcom\/wp-json\/wp\/v2\/posts\/153986","targetHints":{"allow":["GET"]}}],"collection":[{"href":"https:\/\/www.ufla.br\/dcom\/wp-json\/wp\/v2\/posts"}],"about":[{"href":"https:\/\/www.ufla.br\/dcom\/wp-json\/wp\/v2\/types\/post"}],"author":[{"embeddable":true,"href":"https:\/\/www.ufla.br\/dcom\/wp-json\/wp\/v2\/users\/32"}],"replies":[{"embeddable":true,"href":"https:\/\/www.ufla.br\/dcom\/wp-json\/wp\/v2\/comments?post=153986"}],"version-history":[{"count":1,"href":"https:\/\/www.ufla.br\/dcom\/wp-json\/wp\/v2\/posts\/153986\/revisions"}],"predecessor-version":[{"id":153988,"href":"https:\/\/www.ufla.br\/dcom\/wp-json\/wp\/v2\/posts\/153986\/revisions\/153988"}],"wp:attachment":[{"href":"https:\/\/www.ufla.br\/dcom\/wp-json\/wp\/v2\/media?parent=153986"}],"wp:term":[{"taxonomy":"category","embeddable":true,"href":"https:\/\/www.ufla.br\/dcom\/wp-json\/wp\/v2\/categories?post=153986"},{"taxonomy":"post_tag","embeddable":true,"href":"https:\/\/www.ufla.br\/dcom\/wp-json\/wp\/v2\/tags?post=153986"}],"curies":[{"name":"wp","href":"https:\/\/api.w.org\/{rel}","templated":true}]}}