{"id":153777,"date":"2018-04-03T17:58:09","date_gmt":"2018-04-03T20:58:09","guid":{"rendered":"http:\/\/www.ufla.br\/ascom\/?p=153777"},"modified":"2021-09-20T13:52:51","modified_gmt":"2021-09-20T16:52:51","slug":"ufla-na-midia-pesquisa-da-ufla-sobre-perfil-do-consumidor-de-cafe-especial-foi-destaque-na-ultima-semana","status":"publish","type":"post","link":"https:\/\/www.ufla.br\/dcom\/2018\/04\/03\/ufla-na-midia-pesquisa-da-ufla-sobre-perfil-do-consumidor-de-cafe-especial-foi-destaque-na-ultima-semana\/","title":{"rendered":"UFLA na M\u00eddia: pesquisa da UFLA sobre perfil do consumidor de caf\u00e9 especial foi destaque na \u00faltima semana"},"content":{"rendered":"<p><a href=\"http:\/\/www.ufla.br\/ascom\/wp-content\/uploads\/2018\/04\/UFLA-na-M\u00eddia-EPTV.png\"><img loading=\"lazy\" decoding=\"async\" class=\"alignleft size-medium wp-image-153778\" src=\"http:\/\/www.ufla.br\/ascom\/wp-content\/uploads\/2018\/04\/UFLA-na-M\u00eddia-EPTV-249x140.png\" alt=\"\" width=\"249\" height=\"140\" srcset=\"https:\/\/www.ufla.br\/dcom\/wp-content\/uploads\/2018\/04\/UFLA-na-M\u00eddia-EPTV-249x140.png 249w, https:\/\/www.ufla.br\/dcom\/wp-content\/uploads\/2018\/04\/UFLA-na-M\u00eddia-EPTV-612x345.png 612w, https:\/\/www.ufla.br\/dcom\/wp-content\/uploads\/2018\/04\/UFLA-na-M\u00eddia-EPTV-120x68.png 120w, https:\/\/www.ufla.br\/dcom\/wp-content\/uploads\/2018\/04\/UFLA-na-M\u00eddia-EPTV.png 677w\" sizes=\"auto, (max-width: 249px) 100vw, 249px\" \/><\/a>Na \u00faltima semana, uma pesquisa feita por uma estudante da Universidade Federal de Lavras (UFLA) foi destaque no Jornal da EPTV 1\u00aa Edi\u00e7\u00e3o e no G1 Sul de Minas. A pesquisa que integra o trabalho de doutorado da pesquisadora Elisa Reis Guimar\u00e3es apontou o perfil do consumidor de caf\u00e9 especial.<\/p>\n<p>Durante o levantamento, foram ouvidas mais de 900 pessoas e foi apurado que os consumidores de caf\u00e9 especial fazem parte de um grupo que se preocupa com quest\u00f5es ambientais e sociais na cadeia produtiva do gr\u00e3o. Al\u00e9m disso, outra descoberta foi a constata\u00e7\u00e3o do crescimento do consumo do caf\u00e9 especial entre as pessoas que t\u00eam algum envolvimento com o setor.<\/p>\n<p>Veja as mat\u00e9rias na \u00edntegra no <a href=\"https:\/\/g1.globo.com\/mg\/sul-de-minas\/grao-sagrado\/noticia\/pesquisa-desenvolvida-na-ufla-aponta-perfil-do-consumidor-de-cafe-especial.ghtml\">Jornal da EPTV<\/a> e no <a href=\"http:\/\/g1.globo.com\/mg\/sul-de-minas\/jornal-da-eptv\/videos\/t\/edicoes\/v\/pesquisa-desenvolvida-na-ufla-aponta-perfil-do-consumidor-de-cafe-especial\/6613913\/\">G1 Sul de Minas<\/a>.<\/p>\n<h5>Luciana Tereza- estagi\u00e1ria Dcom\/UFLA.<\/h5>\n<p>Esse conte\u00fado de populariza\u00e7\u00e3o da ci\u00eancia foi produzido com o apoio da Funda\u00e7\u00e3o de Amparo \u00e0 Pesquisa de Minas Gerais &#8211; Fapemig.<\/p>\n","protected":false},"excerpt":{"rendered":"<p>Na \u00faltima semana, uma pesquisa feita por uma estudante da Universidade Federal de Lavras (UFLA) foi destaque no Jornal da EPTV 1\u00aa Edi\u00e7\u00e3o e no G1 Sul de Minas. A pesquisa que integra o trabalho de doutorado da pesquisadora Elisa Reis Guimar\u00e3es apontou o perfil do consumidor de caf\u00e9 especial. Durante o levantamento, foram ouvidas &hellip; <a href=\"https:\/\/www.ufla.br\/dcom\/2018\/04\/03\/ufla-na-midia-pesquisa-da-ufla-sobre-perfil-do-consumidor-de-cafe-especial-foi-destaque-na-ultima-semana\/\" class=\"more-link\">Continue lendo <span class=\"screen-reader-text\">UFLA na M\u00eddia: pesquisa da UFLA sobre perfil do consumidor de caf\u00e9 especial foi destaque na \u00faltima semana<\/span> <span class=\"meta-nav\">&rarr;<\/span><\/a><\/p>\n","protected":false},"author":20,"featured_media":0,"comment_status":"closed","ping_status":"closed","sticky":false,"template":"","format":"standard","meta":{"ngg_post_thumbnail":0,"footnotes":""},"categories":[1,10],"tags":[166,896,2126,510,2127,237],"class_list":["post-153777","post","type-post","status-publish","format-standard","hentry","category-noticias","category-menores","tag-estudantes","tag-ex-alunos","tag-ingressantes","tag-institucional","tag-internacional","tag-servidores"],"_links":{"self":[{"href":"https:\/\/www.ufla.br\/dcom\/wp-json\/wp\/v2\/posts\/153777","targetHints":{"allow":["GET"]}}],"collection":[{"href":"https:\/\/www.ufla.br\/dcom\/wp-json\/wp\/v2\/posts"}],"about":[{"href":"https:\/\/www.ufla.br\/dcom\/wp-json\/wp\/v2\/types\/post"}],"author":[{"embeddable":true,"href":"https:\/\/www.ufla.br\/dcom\/wp-json\/wp\/v2\/users\/20"}],"replies":[{"embeddable":true,"href":"https:\/\/www.ufla.br\/dcom\/wp-json\/wp\/v2\/comments?post=153777"}],"version-history":[{"count":2,"href":"https:\/\/www.ufla.br\/dcom\/wp-json\/wp\/v2\/posts\/153777\/revisions"}],"predecessor-version":[{"id":159165,"href":"https:\/\/www.ufla.br\/dcom\/wp-json\/wp\/v2\/posts\/153777\/revisions\/159165"}],"wp:attachment":[{"href":"https:\/\/www.ufla.br\/dcom\/wp-json\/wp\/v2\/media?parent=153777"}],"wp:term":[{"taxonomy":"category","embeddable":true,"href":"https:\/\/www.ufla.br\/dcom\/wp-json\/wp\/v2\/categories?post=153777"},{"taxonomy":"post_tag","embeddable":true,"href":"https:\/\/www.ufla.br\/dcom\/wp-json\/wp\/v2\/tags?post=153777"}],"curies":[{"name":"wp","href":"https:\/\/api.w.org\/{rel}","templated":true}]}}