{"id":15139,"date":"2012-10-09T15:45:02","date_gmt":"2012-10-09T17:45:02","guid":{"rendered":"http:\/\/www.ufla.br\/ascom\/?p=15139"},"modified":"2014-11-28T10:17:42","modified_gmt":"2014-11-28T12:17:42","slug":"preco-do-arroz-e-hortalicas-influencia-renda-media-do-produtor-rural","status":"publish","type":"post","link":"https:\/\/www.ufla.br\/dcom\/2012\/10\/09\/preco-do-arroz-e-hortalicas-influencia-renda-media-do-produtor-rural\/","title":{"rendered":"Pre\u00e7o do arroz e hortali\u00e7as influencia renda m\u00e9dia do produtor rural"},"content":{"rendered":"<h6>Cibele Aguiar<\/h6>\n<p><a href=\"http:\/\/www.ufla.br\/ascom\/wp-content\/uploads\/2012\/10\/09.10-\u00edndice-agr\u00edcola.jpg\"><img loading=\"lazy\" decoding=\"async\" class=\"size-full wp-image-15140 alignleft\" title=\"09.10 \u00edndice agr\u00edcola\" src=\"http:\/\/www.ufla.br\/ascom\/wp-content\/uploads\/2012\/10\/09.10-\u00edndice-agr\u00edcola.jpg\" alt=\"\" width=\"300\" height=\"189\" srcset=\"https:\/\/www.ufla.br\/dcom\/wp-content\/uploads\/2012\/10\/09.10-\u00edndice-agr\u00edcola.jpg 300w, https:\/\/www.ufla.br\/dcom\/wp-content\/uploads\/2012\/10\/09.10-\u00edndice-agr\u00edcola-249x156.jpg 249w\" sizes=\"auto, (max-width: 300px) 100vw, 300px\" \/><\/a>O \u00faltimo relat\u00f3rio do Departamento de Administra\u00e7\u00e3o e Economia (DAE\/UFLA) sobre o \u00cdndice de Pre\u00e7os Recebidos (IPR) \u2013 com rela\u00e7\u00e3o \u00e0 venda dos produtos agr\u00edcolas e o \u00cdndice de Pre\u00e7os Pagos (IPP) &#8211; referente aos insumos gastos pelos produtores rurais, na produ\u00e7\u00e3o de sua atividade no sul de Minas Gerais, teve como resultado do m\u00eas de setembro de 2012 uma alta de 3,04% do IPR, ao passo que o IPP apresentou estabilidade. Essa rela\u00e7\u00e3o demonstra um acr\u00e9scimo na renda do produtor rural no per\u00edodo. \u00a0<\/p>\n<p>Segundo o professor Renato Fontes, coordenador da pesquisa, no acumulado dos nove meses de 2012, a renda da agropecu\u00e1ria apresentou uma eleva\u00e7\u00e3o de 5,12%, apresentando tend\u00eancia de aumentar ainda mais com a entrada da entressafra, per\u00edodo em que h\u00e1 menor oferta dos produtos agr\u00edcolas para abastecimento do mercado.<\/p>\n<p>Analisando o per\u00edodo (janeiro a setembro de 2012), o IPR demonstrou resultados de decr\u00e9scimo de renda somente para os produtores de gr\u00e3os em -2,83%. Os pecuaristas de leite tiveram alta da renda em 9,56%, alta de 13,08% para o setor de horticultura e o grupo caf\u00e9 registrou alta acumulada em 6,92%. No m\u00eas de setembro, destaca-se a eleva\u00e7\u00e3o do pre\u00e7o do arroz, que apresentou alta de 26,92%.<\/p>\n<p>O professor Renato Fontes salienta que esse movimento j\u00e1 era esperado, pois o cen\u00e1rio da economia agr\u00edcola relativa ao mercado de arroz trazia pre\u00e7os ruins no passado. Somado a isso, pre\u00e7os melhores de milho e soja atra\u00edram os orizicultores para estas culturas em busca de melhores retornos econ\u00f4micos, o que resultou na menor oferta do arroz no mercado, agravado ainda mais pelo aumento da exporta\u00e7\u00e3o brasileira do gr\u00e3o.<\/p>\n<p>Outro grupo de <em>commodities<\/em> agr\u00edcolas que apresentaram significativa alta neste per\u00edodo foi o das hortali\u00e7as, com 11,89%, puxado principalmente pelo alho, com um aumento de 50%. Esse aumento \u00e9 explicado pelo fato de n\u00e3o ter havido a importa\u00e7\u00e3o do alho chin\u00eas, como ocorreu em 2011, quando uma excessiva importa\u00e7\u00e3o do produto afetou negativamente o pre\u00e7o no mercado interno brasileiro, levando \u00e0 retra\u00e7\u00e3o da produ\u00e7\u00e3o nacional.<\/p>\n","protected":false},"excerpt":{"rendered":"<p>O \u00faltimo relat\u00f3rio do Departamento de Administra\u00e7\u00e3o e Economia (DAE\/UFLA) sobre o \u00cdndice de Pre\u00e7os Recebidos IPR e IPP (&#8230;) <\/p>\n","protected":false},"author":6,"featured_media":0,"comment_status":"closed","ping_status":"closed","sticky":false,"template":"","format":"standard","meta":{"ngg_post_thumbnail":0,"footnotes":""},"categories":[1],"tags":[761],"class_list":["post-15139","post","type-post","status-publish","format-standard","hentry","category-noticias","tag-indices-agricolas"],"_links":{"self":[{"href":"https:\/\/www.ufla.br\/dcom\/wp-json\/wp\/v2\/posts\/15139","targetHints":{"allow":["GET"]}}],"collection":[{"href":"https:\/\/www.ufla.br\/dcom\/wp-json\/wp\/v2\/posts"}],"about":[{"href":"https:\/\/www.ufla.br\/dcom\/wp-json\/wp\/v2\/types\/post"}],"author":[{"embeddable":true,"href":"https:\/\/www.ufla.br\/dcom\/wp-json\/wp\/v2\/users\/6"}],"replies":[{"embeddable":true,"href":"https:\/\/www.ufla.br\/dcom\/wp-json\/wp\/v2\/comments?post=15139"}],"version-history":[{"count":2,"href":"https:\/\/www.ufla.br\/dcom\/wp-json\/wp\/v2\/posts\/15139\/revisions"}],"predecessor-version":[{"id":15143,"href":"https:\/\/www.ufla.br\/dcom\/wp-json\/wp\/v2\/posts\/15139\/revisions\/15143"}],"wp:attachment":[{"href":"https:\/\/www.ufla.br\/dcom\/wp-json\/wp\/v2\/media?parent=15139"}],"wp:term":[{"taxonomy":"category","embeddable":true,"href":"https:\/\/www.ufla.br\/dcom\/wp-json\/wp\/v2\/categories?post=15139"},{"taxonomy":"post_tag","embeddable":true,"href":"https:\/\/www.ufla.br\/dcom\/wp-json\/wp\/v2\/tags?post=15139"}],"curies":[{"name":"wp","href":"https:\/\/api.w.org\/{rel}","templated":true}]}}