{"id":15134,"date":"2012-10-09T15:32:57","date_gmt":"2012-10-09T18:32:57","guid":{"rendered":"http:\/\/www.ufla.br\/ascom\/?p=15134"},"modified":"2012-10-11T08:57:06","modified_gmt":"2012-10-11T11:57:06","slug":"inscricoes-para-o-curso-excel-avancado-encerram-se-nesta-quarta-feira-10","status":"publish","type":"post","link":"https:\/\/www.ufla.br\/dcom\/2012\/10\/09\/inscricoes-para-o-curso-excel-avancado-encerram-se-nesta-quarta-feira-10\/","title":{"rendered":"Inscri\u00e7\u00f5es para o curso \u201cExcel Avan\u00e7ado\u201d encerram-se nesta quarta-feira (10)"},"content":{"rendered":"<h6>Cibele Aguiar<\/h6>\n<p><a href=\"http:\/\/www.ufla.br\/ascom\/wp-content\/uploads\/2012\/10\/09.10-capacita\u00e7\u00e3o.jpg\"><img loading=\"lazy\" decoding=\"async\" class=\"size-full wp-image-15136 alignright\" title=\"09.10 capacita\u00e7\u00e3o\" src=\"http:\/\/www.ufla.br\/ascom\/wp-content\/uploads\/2012\/10\/09.10-capacita\u00e7\u00e3o.jpg\" alt=\"\" width=\"248\" height=\"155\" \/><\/a>A Pr\u00f3-Reitoria de Gest\u00e3o e Desenvolvimento de Pessoas (PRGDP) informa que o prazo para as inscri\u00e7\u00f5es no curso de capacita\u00e7\u00e3o em Excel Avan\u00e7ado encerra-se nesta quarta-feira (10).<\/p>\n<p>O objetivo do curso \u00e9 apresentar conceitos para cria\u00e7\u00e3o e manipula\u00e7\u00e3o de planilhas eletr\u00f4nicas (Excel) em n\u00edvel mais aprofundado, explorando recursos avan\u00e7ados. O participante do curso receber\u00e1 informa\u00e7\u00f5es que v\u00e3o facilitar as tarefas di\u00e1rias do trabalho, em especial, no que tange \u00e0 tecnologia da informa\u00e7\u00e3o.<\/p>\n<p>O curso ser\u00e1 realizado no per\u00edodo de 15 de outubro a 5 novembro, das 17 \u00e0s 19h, com carga hor\u00e1ria total de 30 horas.<\/p>\n<p>Conte\u00fado a ser ministrado: Introdu\u00e7\u00e3o; Fun\u00e7\u00f5es Avan\u00e7adas; Formata\u00e7\u00e3o de C\u00e9lulas; Formata\u00e7\u00e3o e Manipula\u00e7\u00e3o de Planilhas; Organiza\u00e7\u00e3o de Dados; Tabelas e Gr\u00e1ficos Din\u00e2micos; Cen\u00e1rios e Macros.<\/p>\n<p>Para realizar a inscri\u00e7\u00e3o, o servidor do quadro permanente ou terceirizado deve preencher o formul\u00e1rio dispon\u00edvel na p\u00e1gina da PRGDP e entreg\u00e1-lo na Secret\u00e1ria da Pr\u00f3-Reitoria at\u00e9 as 17h do dia 10\/10.<\/p>\n<p>&nbsp;<\/p>\n","protected":false},"excerpt":{"rendered":"<p>A PRGDP informa que o prazo para as inscri\u00e7\u00f5es no curso de capacita\u00e7\u00e3o em Excel Avan\u00e7ado encerra-se nesta quarta-feira (&#8230;)<\/p>\n","protected":false},"author":6,"featured_media":0,"comment_status":"closed","ping_status":"closed","sticky":false,"template":"","format":"standard","meta":{"ngg_post_thumbnail":0,"footnotes":""},"categories":[1],"tags":[],"class_list":["post-15134","post","type-post","status-publish","format-standard","hentry","category-noticias"],"_links":{"self":[{"href":"https:\/\/www.ufla.br\/dcom\/wp-json\/wp\/v2\/posts\/15134","targetHints":{"allow":["GET"]}}],"collection":[{"href":"https:\/\/www.ufla.br\/dcom\/wp-json\/wp\/v2\/posts"}],"about":[{"href":"https:\/\/www.ufla.br\/dcom\/wp-json\/wp\/v2\/types\/post"}],"author":[{"embeddable":true,"href":"https:\/\/www.ufla.br\/dcom\/wp-json\/wp\/v2\/users\/6"}],"replies":[{"embeddable":true,"href":"https:\/\/www.ufla.br\/dcom\/wp-json\/wp\/v2\/comments?post=15134"}],"version-history":[{"count":4,"href":"https:\/\/www.ufla.br\/dcom\/wp-json\/wp\/v2\/posts\/15134\/revisions"}],"predecessor-version":[{"id":15138,"href":"https:\/\/www.ufla.br\/dcom\/wp-json\/wp\/v2\/posts\/15134\/revisions\/15138"}],"wp:attachment":[{"href":"https:\/\/www.ufla.br\/dcom\/wp-json\/wp\/v2\/media?parent=15134"}],"wp:term":[{"taxonomy":"category","embeddable":true,"href":"https:\/\/www.ufla.br\/dcom\/wp-json\/wp\/v2\/categories?post=15134"},{"taxonomy":"post_tag","embeddable":true,"href":"https:\/\/www.ufla.br\/dcom\/wp-json\/wp\/v2\/tags?post=15134"}],"curies":[{"name":"wp","href":"https:\/\/api.w.org\/{rel}","templated":true}]}}