{"id":150315,"date":"2018-03-05T17:54:14","date_gmt":"2018-03-05T20:54:14","guid":{"rendered":"http:\/\/www.ufla.br\/ascom\/?p=150315"},"modified":"2018-06-21T16:32:06","modified_gmt":"2018-06-21T19:32:06","slug":"comeca-a-semana-de-integracao-no-servico-publico-e-na-universidade-cerca-de-50-servidores-participam-das-atividades","status":"publish","type":"post","link":"https:\/\/www.ufla.br\/dcom\/2018\/03\/05\/comeca-a-semana-de-integracao-no-servico-publico-e-na-universidade-cerca-de-50-servidores-participam-das-atividades\/","title":{"rendered":"Come\u00e7a a Semana de Integra\u00e7\u00e3o no Servi\u00e7o P\u00fablico e na Universidade \u2013 cerca de 50 servidores participam das atividades"},"content":{"rendered":"<p><a href=\"http:\/\/www.ufla.br\/ascom\/wp-content\/uploads\/2018\/03\/IMG_9812.jpg\"><img loading=\"lazy\" decoding=\"async\" class=\"size-medium wp-image-150322 alignleft\" src=\"http:\/\/www.ufla.br\/ascom\/wp-content\/uploads\/2018\/03\/IMG_9812-249x166.jpg\" alt=\"\" width=\"249\" height=\"166\" srcset=\"https:\/\/www.ufla.br\/dcom\/wp-content\/uploads\/2018\/03\/IMG_9812-249x166.jpg 249w, https:\/\/www.ufla.br\/dcom\/wp-content\/uploads\/2018\/03\/IMG_9812-768x512.jpg 768w, https:\/\/www.ufla.br\/dcom\/wp-content\/uploads\/2018\/03\/IMG_9812-612x408.jpg 612w, https:\/\/www.ufla.br\/dcom\/wp-content\/uploads\/2018\/03\/IMG_9812-120x80.jpg 120w, https:\/\/www.ufla.br\/dcom\/wp-content\/uploads\/2018\/03\/IMG_9812.jpg 850w\" sizes=\"auto, (max-width: 249px) 100vw, 249px\" \/><\/a>Nesta segunda-feira (5\/3), tiveram in\u00edcio as atividades da <strong>Semana de Integra\u00e7\u00e3o no Servi\u00e7o P\u00fablico e na Universidade<\/strong>, capacita\u00e7\u00e3o desenvolvida pela Coordenadoria de Capacita\u00e7\u00e3o e Avalia\u00e7\u00e3o da Pr\u00f3-reitoria de Gest\u00e3o de Pessoas (PRGDP) com o objetivo de integrar os novos servidores da UFLA e apresentar-lhes a estrutura, objetivos e metas da institui\u00e7\u00e3o. Participam do curso 52 servidores, t\u00e9cnicos administrativos e docentes, empossados nos anos de 2017 e 2018.<\/p>\n<p>Ao dar as boas vindas aos participantes, a pr\u00f3-reitora de Gest\u00e3o de Pessoas, professora D\u00e9bora Cristina de Carvalho, refor\u00e7ou a import\u00e2ncia do momento. \u201c\u00c9 uma oportunidade para podermos discutir mais detalhadamente temas que envolvem o servi\u00e7o p\u00fablico na Universidade, com o objetivo de que todos possam desenvolver as atividades as quais s\u00e3o respons\u00e1veis da melhor maneira. Al\u00e9m disso, \u00e9 um tempo para integra\u00e7\u00e3o de equipe, importante para a gest\u00e3o de pessoas. Esperamos que as atividades sejam significativas para voc\u00eas\u201d, ressaltou.<\/p>\n<p><a href=\"http:\/\/www.ufla.br\/ascom\/wp-content\/uploads\/2018\/03\/IMG_9847.jpg\"><img loading=\"lazy\" decoding=\"async\" class=\"size-medium wp-image-150323 alignright\" src=\"http:\/\/www.ufla.br\/ascom\/wp-content\/uploads\/2018\/03\/IMG_9847-249x166.jpg\" alt=\"\" width=\"249\" height=\"166\" srcset=\"https:\/\/www.ufla.br\/dcom\/wp-content\/uploads\/2018\/03\/IMG_9847-249x166.jpg 249w, https:\/\/www.ufla.br\/dcom\/wp-content\/uploads\/2018\/03\/IMG_9847-768x512.jpg 768w, https:\/\/www.ufla.br\/dcom\/wp-content\/uploads\/2018\/03\/IMG_9847-612x408.jpg 612w, https:\/\/www.ufla.br\/dcom\/wp-content\/uploads\/2018\/03\/IMG_9847-120x80.jpg 120w, https:\/\/www.ufla.br\/dcom\/wp-content\/uploads\/2018\/03\/IMG_9847.jpg 850w\" sizes=\"auto, (max-width: 249px) 100vw, 249px\" \/><\/a>Na manh\u00e3 do primeiro dia, foram feitas as apresenta\u00e7\u00f5es da estrutura e funcionamento da PRGDP, pela pr\u00f3-reitora D\u00e9bora Carvalho, e da Pr\u00f3-reitoria de Gradua\u00e7\u00e3o (PRG), pelo pr\u00f3-reitor Ronei Martins. No per\u00edodo da tarde, os participantes foram divididos em duas turmas para participarem de uma din\u00e2mica de integra\u00e7\u00e3o entre os servidores e de uma visita orientada ao c\u00e2mpus.<\/p>\n<p>O curso, que est\u00e1 integrado ao Plano de Capacita\u00e7\u00e3o de Servidores, vai at\u00e9 a sexta-feira (9\/3) e inclui as atividades:<\/p>\n<p>&#8211; Apresenta\u00e7\u00e3o da Diretoria Executiva, reitor professor Jos\u00e9 Roberto Soares Scolforo e vice-reitora professora \u00c9dila Vilela de Resende Von Pinho, al\u00e9m dos pr\u00f3-reitores ;<\/p>\n<p>&#8211; Din\u00e2mica de integra\u00e7\u00e3o entre os participantes (dividida por turmas), conduzidas pelos psic\u00f3logos Renata Serra Rodarte Vieira e Jo\u00e3o Maur\u00edcio de P\u00e1dua Souza, lotados na Coordenadoria de Programas Sociais\/Praec;<\/p>\n<p>&#8211; Visita orientada ao c\u00e2mpus da UFLA (dividida por turmas), conduzida pelos servidores Jos\u00e9 Maur\u00edcio de Resende e Daniel Marton Norberto, da Diretoria de Log\u00edstica Acad\u00eamica da Proinfra;<\/p>\n<p>&#8211; Apresenta\u00e7\u00e3o das entidades de classe SindUfla e Adufla. A apresenta\u00e7\u00e3o do SindUFLA ser\u00e1 realizada pelos servidores Euz\u00e9bio Luiz Pinto e Carlos Henrique da Silva, membros de sua diretoria. &nbsp;A apresenta\u00e7\u00e3o da Adufla ser\u00e1 realizada pelo seu presidente, professor Francisval de Melo Carvalho;<\/p>\n<p>&#8211; Apresenta\u00e7\u00e3o do Plano de Carreira dos T\u00e9cnicos Administrativos em Educa\u00e7\u00e3o \u2013 PCCTAE, pelas servidoras Shirley Michelle de Alc\u00e2ntara, da Coordenadoria de Capacita\u00e7\u00e3o e Avalia\u00e7\u00e3o\/DDP\/PRGDP, e Elis\u00e2ngela Abreu Natividade, da Coordenadoria de Gest\u00e3o de Compet\u00eancias\/DDP\/PRGDP;<\/p>\n<p>&#8211; Treinamento sobre &#8220;Carreira e Relat\u00f3rio de Atividade Docente: orienta\u00e7\u00f5es gerais&#8221;, ministrado pelos servidores Juliana Moreira Magalh\u00e3es, Jos\u00e9 C\u00e2ndido da Silva Neto e Carlos Eduardo Silva Volpato, da CPPD;<\/p>\n<p>&#8211; Palestra sobre &#8220;Princ\u00edpios e Conceitos B\u00e1sicos da Administra\u00e7\u00e3o P\u00fablica e de Direito Administrativo&#8221; e sobre o &#8220;C\u00f3digo de \u00c9tica Profissional do Servidor P\u00fablico Civil do Poder Executivo Federal (Decreto 1.171\/94), &nbsp;ministrada pela servidora Danyella Barroso de Oliveira lotada na Procuradoria Geral;<\/p>\n<p>&#8211; Palestra &#8220;(Con)Viver UFLA: trabalho e rela\u00e7\u00f5es humanas&#8221;, ministrada pela servidora K\u00e1tia Poles (professora do Departamento de Sa\u00fade e Coordenadora de Sa\u00fade da PRAEC);<\/p>\n<p>&#8211; Treinamento sobre &#8220;Procedimentos em Gest\u00e3o de Pessoas (De acordo com a Lei 8.112\/90), ministrado pela servidora Viviane Naves de Azevedo &#8211; (Coordenadoria de Cadastro e Controle de Pessoal\/DGP\/PRGDP).&nbsp;<\/p>\n<p><a href=\"http:\/\/www.ufla.br\/ascom\/wp-content\/uploads\/2018\/03\/semana_de_integracao_2018.pdf\">Confira aqui a programa\u00e7\u00e3o completa da Semana de Integra\u00e7\u00e3o no Servi\u00e7o P\u00fablico e na Universidade<\/a><\/p>\n<p><em><strong>Fotos de Camila Caetano e Samara Avelar<\/strong><\/em><\/p>\nngg_shortcode_0_placeholder\n<p>&nbsp;<\/p>\n","protected":false},"excerpt":{"rendered":"<p>Nesta segunda-feira (5\/3), tiveram in\u00edcio as atividades da Semana de Integra\u00e7\u00e3o no Servi\u00e7o P\u00fablico e na Universidade, capacita\u00e7\u00e3o desenvolvida pela Coordenadoria de Capacita\u00e7\u00e3o e Avalia\u00e7\u00e3o da Pr\u00f3-reitoria de Gest\u00e3o de Pessoas (PRGDP) com o objetivo de integrar os novos servidores da UFLA e apresentar-lhes a estrutura, objetivos e metas da institui\u00e7\u00e3o. Participam do curso 52 &hellip; <a href=\"https:\/\/www.ufla.br\/dcom\/2018\/03\/05\/comeca-a-semana-de-integracao-no-servico-publico-e-na-universidade-cerca-de-50-servidores-participam-das-atividades\/\" class=\"more-link\">Continue lendo <span class=\"screen-reader-text\">Come\u00e7a a Semana de Integra\u00e7\u00e3o no Servi\u00e7o P\u00fablico e na Universidade \u2013 cerca de 50 servidores participam das atividades<\/span> <span class=\"meta-nav\">&rarr;<\/span><\/a><\/p>\n","protected":false},"author":31,"featured_media":0,"comment_status":"closed","ping_status":"closed","sticky":false,"template":"","format":"standard","meta":{"ngg_post_thumbnail":0,"footnotes":""},"categories":[1,10],"tags":[510,237],"class_list":["post-150315","post","type-post","status-publish","format-standard","hentry","category-noticias","category-menores","tag-institucional","tag-servidores"],"_links":{"self":[{"href":"https:\/\/www.ufla.br\/dcom\/wp-json\/wp\/v2\/posts\/150315","targetHints":{"allow":["GET"]}}],"collection":[{"href":"https:\/\/www.ufla.br\/dcom\/wp-json\/wp\/v2\/posts"}],"about":[{"href":"https:\/\/www.ufla.br\/dcom\/wp-json\/wp\/v2\/types\/post"}],"author":[{"embeddable":true,"href":"https:\/\/www.ufla.br\/dcom\/wp-json\/wp\/v2\/users\/31"}],"replies":[{"embeddable":true,"href":"https:\/\/www.ufla.br\/dcom\/wp-json\/wp\/v2\/comments?post=150315"}],"version-history":[{"count":5,"href":"https:\/\/www.ufla.br\/dcom\/wp-json\/wp\/v2\/posts\/150315\/revisions"}],"predecessor-version":[{"id":150434,"href":"https:\/\/www.ufla.br\/dcom\/wp-json\/wp\/v2\/posts\/150315\/revisions\/150434"}],"wp:attachment":[{"href":"https:\/\/www.ufla.br\/dcom\/wp-json\/wp\/v2\/media?parent=150315"}],"wp:term":[{"taxonomy":"category","embeddable":true,"href":"https:\/\/www.ufla.br\/dcom\/wp-json\/wp\/v2\/categories?post=150315"},{"taxonomy":"post_tag","embeddable":true,"href":"https:\/\/www.ufla.br\/dcom\/wp-json\/wp\/v2\/tags?post=150315"}],"curies":[{"name":"wp","href":"https:\/\/api.w.org\/{rel}","templated":true}]}}