{"id":148175,"date":"2018-01-23T12:33:00","date_gmt":"2018-01-23T15:33:00","guid":{"rendered":"http:\/\/www.ufla.br\/ascom\/?p=148175"},"modified":"2018-06-26T12:52:29","modified_gmt":"2018-06-26T15:52:29","slug":"ufla-na-midia-renda-do-produtor-rural-no-sul-de-minas","status":"publish","type":"post","link":"https:\/\/www.ufla.br\/dcom\/2018\/01\/23\/ufla-na-midia-renda-do-produtor-rural-no-sul-de-minas\/","title":{"rendered":"UFLA na M\u00eddia: renda do produtor rural no Sul de Minas"},"content":{"rendered":"<p><a href=\"http:\/\/www.ufla.br\/ascom\/wp-content\/uploads\/2018\/01\/EPTV.jpg\"><img loading=\"lazy\" decoding=\"async\" class=\"alignleft size-medium wp-image-148176\" src=\"http:\/\/www.ufla.br\/ascom\/wp-content\/uploads\/2018\/01\/EPTV-249x148.jpg\" alt=\"\" width=\"249\" height=\"148\" srcset=\"https:\/\/www.ufla.br\/dcom\/wp-content\/uploads\/2018\/01\/EPTV-249x148.jpg 249w, https:\/\/www.ufla.br\/dcom\/wp-content\/uploads\/2018\/01\/EPTV-768x458.jpg 768w, https:\/\/www.ufla.br\/dcom\/wp-content\/uploads\/2018\/01\/EPTV-612x365.jpg 612w, https:\/\/www.ufla.br\/dcom\/wp-content\/uploads\/2018\/01\/EPTV-120x72.jpg 120w, https:\/\/www.ufla.br\/dcom\/wp-content\/uploads\/2018\/01\/EPTV.jpg 1417w\" sizes=\"auto, (max-width: 249px) 100vw, 249px\" \/><\/a>Uma pesquisa realizada na Universidade Federal de Lavras (UFLA) apontou uma queda de quase 13% na renda do produtor rural do Sul de Minas em 2017. O estudo foi desenvolvido&nbsp;pelo Departamento de Administra\u00e7\u00e3o e Economia (DAE), por meio dos c\u00e1lculos dos \u00cdndices de Pre\u00e7os Recebido\/IPR (relativos aos pre\u00e7os recebidos pelos produtos comercializados pelos produtores rurais) e \u00cdndices de Pre\u00e7os Pagos\/IPP (relativo aos pre\u00e7os pagos aos insumos para produ\u00e7\u00e3o).<\/p>\n<p>A pesquisa foi divulgada no jornal da EPTV, Sul de Minas e no G1 Sul de Minas:&nbsp;<a href=\"https:\/\/g1.globo.com\/mg\/sul-de-minas\/noticia\/pesquisa-aponta-queda-de-quase-13-na-renda-do-produtor-rural-no-sul-de-minas.ghtml\">https:\/\/g1.globo.com\/mg\/sul-de-minas\/noticia\/pesquisa-aponta-queda-de-quase-13-na-renda-do-produtor-rural-no-sul-de-minas.ghtml&nbsp;<\/a><\/p>\n<p>O levantamento consultou o pre\u00e7o de 72 produtos. Entre os produtos que tiveram maior varia\u00e7\u00e3o negativa no pre\u00e7o est\u00e3o o milho, o leite, o feij\u00e3o, a farinha de mandioca, o tomate, o ovo, o a\u00e7ucar e os legumes.<\/p>\n<p>Para o coordenador do trabalho, professor Renato Fontes, essa movimenta\u00e7\u00e3o de pre\u00e7os \u00e9 normal no setor, pois o mercado se organiza de forma bastante pulverizada na produ\u00e7\u00e3o agropecu\u00e1ria, caracterizando como mercado em concorr\u00eancia perfeita, onde o pre\u00e7o das commodities \u00e9 dado pela intera\u00e7\u00e3o da oferta e demanda.<\/p>\n<p><strong>Leia tamb\u00e9m:<\/strong>&nbsp;<a href=\"http:\/\/www.ufla.br\/ascom\/2018\/01\/11\/divulgacao-do-indice-de-precos-pagos-ipp-e-indice-de-precos-recebidos-ipr-anual\/\">http:\/\/www.ufla.br\/ascom\/2018\/01\/11\/divulgacao-do-indice-de-precos-pagos-ipp-e-indice-de-precos-recebidos-ipr-anual\/&nbsp;<\/a><\/p>\n<p>&nbsp;<\/p>\n","protected":false},"excerpt":{"rendered":"<p>Uma pesquisa realizada na Universidade Federal de Lavras (UFLA) apontou uma queda de quase 13% na renda do produtor rural do Sul de Minas em 2017. O estudo foi desenvolvido&nbsp;pelo Departamento de Administra\u00e7\u00e3o e Economia (DAE), por meio dos c\u00e1lculos dos \u00cdndices de Pre\u00e7os Recebido\/IPR (relativos aos pre\u00e7os recebidos pelos produtos comercializados pelos produtores rurais) &hellip; <a href=\"https:\/\/www.ufla.br\/dcom\/2018\/01\/23\/ufla-na-midia-renda-do-produtor-rural-no-sul-de-minas\/\" class=\"more-link\">Continue lendo <span class=\"screen-reader-text\">UFLA na M\u00eddia: renda do produtor rural no Sul de Minas<\/span> <span class=\"meta-nav\">&rarr;<\/span><\/a><\/p>\n","protected":false},"author":32,"featured_media":0,"comment_status":"closed","ping_status":"closed","sticky":false,"template":"","format":"standard","meta":{"ngg_post_thumbnail":0,"footnotes":""},"categories":[1,10],"tags":[1287,896,2126,510,237],"class_list":["post-148175","post","type-post","status-publish","format-standard","hentry","category-noticias","category-menores","tag-estudante","tag-ex-alunos","tag-ingressantes","tag-institucional","tag-servidores"],"_links":{"self":[{"href":"https:\/\/www.ufla.br\/dcom\/wp-json\/wp\/v2\/posts\/148175","targetHints":{"allow":["GET"]}}],"collection":[{"href":"https:\/\/www.ufla.br\/dcom\/wp-json\/wp\/v2\/posts"}],"about":[{"href":"https:\/\/www.ufla.br\/dcom\/wp-json\/wp\/v2\/types\/post"}],"author":[{"embeddable":true,"href":"https:\/\/www.ufla.br\/dcom\/wp-json\/wp\/v2\/users\/32"}],"replies":[{"embeddable":true,"href":"https:\/\/www.ufla.br\/dcom\/wp-json\/wp\/v2\/comments?post=148175"}],"version-history":[{"count":2,"href":"https:\/\/www.ufla.br\/dcom\/wp-json\/wp\/v2\/posts\/148175\/revisions"}],"predecessor-version":[{"id":148178,"href":"https:\/\/www.ufla.br\/dcom\/wp-json\/wp\/v2\/posts\/148175\/revisions\/148178"}],"wp:attachment":[{"href":"https:\/\/www.ufla.br\/dcom\/wp-json\/wp\/v2\/media?parent=148175"}],"wp:term":[{"taxonomy":"category","embeddable":true,"href":"https:\/\/www.ufla.br\/dcom\/wp-json\/wp\/v2\/categories?post=148175"},{"taxonomy":"post_tag","embeddable":true,"href":"https:\/\/www.ufla.br\/dcom\/wp-json\/wp\/v2\/tags?post=148175"}],"curies":[{"name":"wp","href":"https:\/\/api.w.org\/{rel}","templated":true}]}}