{"id":148127,"date":"2018-01-19T18:01:31","date_gmt":"2018-01-19T21:01:31","guid":{"rendered":"http:\/\/www.ufla.br\/ascom\/?p=148127"},"modified":"2018-06-21T14:50:45","modified_gmt":"2018-06-21T17:50:45","slug":"febre-amarela-medico-infectologista-da-orientacoes-sobre-a-doenca","status":"publish","type":"post","link":"https:\/\/www.ufla.br\/dcom\/2018\/01\/19\/febre-amarela-medico-infectologista-da-orientacoes-sobre-a-doenca\/","title":{"rendered":"Febre Amarela: m\u00e9dico infectologista presta orienta\u00e7\u00f5es sobre a doen\u00e7a"},"content":{"rendered":"<figure id=\"attachment_148139\" aria-describedby=\"caption-attachment-148139\" style=\"width: 249px\" class=\"wp-caption alignleft\"><a href=\"http:\/\/www.ufla.br\/ascom\/wp-content\/uploads\/2018\/01\/2009_08_06_Haemagogus_Leucocelaenus_1.jpg\"><img loading=\"lazy\" decoding=\"async\" class=\"wp-image-148139 size-medium\" src=\"http:\/\/www.ufla.br\/ascom\/wp-content\/uploads\/2018\/01\/2009_08_06_Haemagogus_Leucocelaenus_1-249x187.jpg\" alt=\"\" width=\"249\" height=\"187\" srcset=\"https:\/\/www.ufla.br\/dcom\/wp-content\/uploads\/2018\/01\/2009_08_06_Haemagogus_Leucocelaenus_1-249x187.jpg 249w, https:\/\/www.ufla.br\/dcom\/wp-content\/uploads\/2018\/01\/2009_08_06_Haemagogus_Leucocelaenus_1-120x90.jpg 120w, https:\/\/www.ufla.br\/dcom\/wp-content\/uploads\/2018\/01\/2009_08_06_Haemagogus_Leucocelaenus_1.jpg 400w\" sizes=\"auto, (max-width: 249px) 100vw, 249px\" \/><\/a><figcaption id=\"caption-attachment-148139\" class=\"wp-caption-text\">Haemagogus leucocelaenus, um dos mosquitos transmissores da febre amarela silvestre. Fonte: Instituto Oswaldo Cruz<\/figcaption><\/figure>\n<p>A febre amarela \u00e9 uma doen\u00e7a infecciosa grave, t\u00edpica das Am\u00e9ricas do Sul e Central, al\u00e9m de alguns pa\u00edses da \u00c1frica. No Brasil, o n\u00famero de casos confirmados da doen\u00e7a vem aumentando desde 2016, principalmente nas regi\u00f5es sudeste e centro-oeste. Dados divulgados pelo Minist\u00e9rio da Sa\u00fade em 16\/1 registraram 35 casos confirmados desde julho de 2017, levando a \u00f3bito em alguns casos mais graves da infec\u00e7\u00e3o. Na mesma data, a Organiza\u00e7\u00e3o Mundial de Sa\u00fade (OMS) passou a considerar todo o estado de S\u00e3o Paulo como \u00e1rea de risco de febre amarela, recomendando que visitantes tomem a vacina antes de viajarem para o local.<\/p>\n<p>Sua transmiss\u00e3o se d\u00e1 por meio de vetores, mosquitos que, ao picar uma pessoa ou animal contaminado, tornam-se transmissores do v\u00edrus da doen\u00e7a. Os sintomas incluem febre alta, mal estar, dor no corpo, podendo aparecer uma colora\u00e7\u00e3o amarela nos olhos, manifesta\u00e7\u00e3o ao qual se refere o nome febre amarela. Em sua forma mais grave, pode provocar insufici\u00eancias hep\u00e1tica e renal e manifesta\u00e7\u00f5es hemorr\u00e1gicas.<\/p>\n<p>De acordo com o m\u00e9dico da UFLA, o infectologista Silvio Menicucci, a melhor maneira de preven\u00e7\u00e3o \u00e9 a vacina\u00e7\u00e3o. \u201cA vacina para febre amarela j\u00e1 est\u00e1 dispon\u00edvel h\u00e1 muitos anos na rede p\u00fablica e tamb\u00e9m pode ser encontrada em cl\u00ednicas particulares. Em caso de sintomas da doen\u00e7a, a pessoa deve procurar atendimento m\u00e9dico imediatamente e relatar viagens recentes, principalmente se teve algum contato com \u00e1reas florestais\u201d, explicou. &nbsp;<\/p>\n<p><em><strong>Confira as orienta\u00e7\u00f5es do m\u00e9dico Silvio Menicucci sobre a Febre Amarela:<\/strong><\/em><\/p>\n<p><iframe loading=\"lazy\" title=\"Febre Amarela - o que \u00e9 preciso saber?\" width=\"474\" height=\"267\" src=\"https:\/\/www.youtube.com\/embed\/fLM36kmwY1A?feature=oembed\" frameborder=\"0\" allow=\"accelerometer; autoplay; clipboard-write; encrypted-media; gyroscope; picture-in-picture; web-share\" referrerpolicy=\"strict-origin-when-cross-origin\" allowfullscreen><\/iframe><\/p>\n<p><strong><br \/>\nSe voc\u00ea nunca tomou a vacina contra Febre Amarela, procure a unidade de sa\u00fade mais pr\u00f3xima e vacine-se. Ela oferece imuniza\u00e7\u00e3o permanente \u00e0 doen\u00e7a.<\/strong><\/p>\n<figure id=\"attachment_148128\" aria-describedby=\"caption-attachment-148128\" style=\"width: 612px\" class=\"wp-caption aligncenter\"><a href=\"http:\/\/www.ufla.br\/ascom\/wp-content\/uploads\/2018\/01\/26196346_1872455779439696_359393120072037684_n.png\"><img loading=\"lazy\" decoding=\"async\" class=\"wp-image-148128 size-large\" src=\"http:\/\/www.ufla.br\/ascom\/wp-content\/uploads\/2018\/01\/26196346_1872455779439696_359393120072037684_n-612x851.png\" alt=\"\" width=\"612\" height=\"851\" srcset=\"https:\/\/www.ufla.br\/dcom\/wp-content\/uploads\/2018\/01\/26196346_1872455779439696_359393120072037684_n-612x851.png 612w, https:\/\/www.ufla.br\/dcom\/wp-content\/uploads\/2018\/01\/26196346_1872455779439696_359393120072037684_n-179x249.png 179w, https:\/\/www.ufla.br\/dcom\/wp-content\/uploads\/2018\/01\/26196346_1872455779439696_359393120072037684_n-86x120.png 86w, https:\/\/www.ufla.br\/dcom\/wp-content\/uploads\/2018\/01\/26196346_1872455779439696_359393120072037684_n.png 690w\" sizes=\"auto, (max-width: 612px) 100vw, 612px\" \/><\/a><figcaption id=\"caption-attachment-148128\" class=\"wp-caption-text\">Fonte: Minist\u00e9rio da Sa\u00fade<\/figcaption><\/figure>\n<p>&nbsp;<\/p>\n","protected":false},"excerpt":{"rendered":"<p>Dados divulgados pelo Minist\u00e9rio da Sa\u00fade em 16\/1 registraram 35 casos confirmados desde julho de 2017. Confira as orienta\u00e7\u00f5es sobre a doen\u00e7a.  Na mesma data, a Organiza\u00e7\u00e3o Mundial de Sa\u00fade (OMS) passou a considerar todo o estado de S\u00e3o Paulo como \u00e1rea de risco de febre amarela. Confira as orienta\u00e7\u00f5es sobre a doen\u00e7a.<\/p>\n","protected":false},"author":31,"featured_media":0,"comment_status":"closed","ping_status":"closed","sticky":false,"template":"","format":"standard","meta":{"ngg_post_thumbnail":0,"footnotes":""},"categories":[10],"tags":[166,896,2129,237],"class_list":["post-148127","post","type-post","status-publish","format-standard","hentry","category-menores","tag-estudantes","tag-ex-alunos","tag-extensao-e-cultura","tag-servidores"],"_links":{"self":[{"href":"https:\/\/www.ufla.br\/dcom\/wp-json\/wp\/v2\/posts\/148127","targetHints":{"allow":["GET"]}}],"collection":[{"href":"https:\/\/www.ufla.br\/dcom\/wp-json\/wp\/v2\/posts"}],"about":[{"href":"https:\/\/www.ufla.br\/dcom\/wp-json\/wp\/v2\/types\/post"}],"author":[{"embeddable":true,"href":"https:\/\/www.ufla.br\/dcom\/wp-json\/wp\/v2\/users\/31"}],"replies":[{"embeddable":true,"href":"https:\/\/www.ufla.br\/dcom\/wp-json\/wp\/v2\/comments?post=148127"}],"version-history":[{"count":10,"href":"https:\/\/www.ufla.br\/dcom\/wp-json\/wp\/v2\/posts\/148127\/revisions"}],"predecessor-version":[{"id":148169,"href":"https:\/\/www.ufla.br\/dcom\/wp-json\/wp\/v2\/posts\/148127\/revisions\/148169"}],"wp:attachment":[{"href":"https:\/\/www.ufla.br\/dcom\/wp-json\/wp\/v2\/media?parent=148127"}],"wp:term":[{"taxonomy":"category","embeddable":true,"href":"https:\/\/www.ufla.br\/dcom\/wp-json\/wp\/v2\/categories?post=148127"},{"taxonomy":"post_tag","embeddable":true,"href":"https:\/\/www.ufla.br\/dcom\/wp-json\/wp\/v2\/tags?post=148127"}],"curies":[{"name":"wp","href":"https:\/\/api.w.org\/{rel}","templated":true}]}}