{"id":146807,"date":"2017-12-06T11:59:18","date_gmt":"2017-12-06T13:59:18","guid":{"rendered":"http:\/\/www.ufla.br\/ascom\/?p=146807"},"modified":"2017-12-11T08:56:57","modified_gmt":"2017-12-11T10:56:57","slug":"confira-o-horario-de-funcionamento-do-restaurante-universitario-durante-as-ferias-letivas","status":"publish","type":"post","link":"https:\/\/www.ufla.br\/dcom\/2017\/12\/06\/confira-o-horario-de-funcionamento-do-restaurante-universitario-durante-as-ferias-letivas\/","title":{"rendered":"Confira o hor\u00e1rio de funcionamento do Restaurante Universit\u00e1rio durante as f\u00e9rias letivas"},"content":{"rendered":"<p>A Pr\u00f3-Reitoria de Assuntos Estudantis e Comunit\u00e1rios (Praec), da Universidade Federal de Lavras (UFLA), informa os hor\u00e1rios de funcionamento do Restaurante Universit\u00e1rio (RU) durante as f\u00e9rias letivas:<\/p>\n<p>Dias 8\/12 e 15\/12 &#8211; Servi\u00e7o de almo\u00e7o e marmitex<br \/>\nDias 16\/12 e 17\/12 &#8211; Fechado&nbsp;<br \/>\nDe 18\/12 a 20\/12 &#8211;&nbsp;Servi\u00e7o de almo\u00e7o e marmitex, das 11h \u00e0s 12h45<br \/>\nDe 21\/12 a 14\/1\/18 &#8211; Fechado (f\u00e9rias letivas)<\/p>\n<p>A unidade volta a funcionar normalmente no dia 15\/1\/18, oferecendo almo\u00e7o e jantar.&nbsp;<\/p>\n<p><strong>Luciana Tereza \u2013 estagi\u00e1ria Dcom\/UFLA.<\/strong><\/p>\n","protected":false},"excerpt":{"rendered":"<p>A Pr\u00f3-Reitoria de Assuntos Estudantis e Comunit\u00e1rios (Praec), da Universidade Federal de Lavras (UFLA), informa os hor\u00e1rios de funcionamento do Restaurante Universit\u00e1rio (RU) durante as f\u00e9rias letivas: Dias 8\/12 e 15\/12 &#8211; Servi\u00e7o de almo\u00e7o e marmitex Dias 16\/12 e 17\/12 &#8211; Fechado&nbsp; De 18\/12 a 20\/12 &#8211;&nbsp;Servi\u00e7o de almo\u00e7o e marmitex, das 11h \u00e0s &hellip; <a href=\"https:\/\/www.ufla.br\/dcom\/2017\/12\/06\/confira-o-horario-de-funcionamento-do-restaurante-universitario-durante-as-ferias-letivas\/\" class=\"more-link\">Continue lendo <span class=\"screen-reader-text\">Confira o hor\u00e1rio de funcionamento do Restaurante Universit\u00e1rio durante as f\u00e9rias letivas<\/span> <span class=\"meta-nav\">&rarr;<\/span><\/a><\/p>\n","protected":false},"author":20,"featured_media":0,"comment_status":"closed","ping_status":"closed","sticky":false,"template":"","format":"standard","meta":{"ngg_post_thumbnail":0,"footnotes":""},"categories":[1,10],"tags":[],"class_list":["post-146807","post","type-post","status-publish","format-standard","hentry","category-noticias","category-menores"],"_links":{"self":[{"href":"https:\/\/www.ufla.br\/dcom\/wp-json\/wp\/v2\/posts\/146807","targetHints":{"allow":["GET"]}}],"collection":[{"href":"https:\/\/www.ufla.br\/dcom\/wp-json\/wp\/v2\/posts"}],"about":[{"href":"https:\/\/www.ufla.br\/dcom\/wp-json\/wp\/v2\/types\/post"}],"author":[{"embeddable":true,"href":"https:\/\/www.ufla.br\/dcom\/wp-json\/wp\/v2\/users\/20"}],"replies":[{"embeddable":true,"href":"https:\/\/www.ufla.br\/dcom\/wp-json\/wp\/v2\/comments?post=146807"}],"version-history":[{"count":6,"href":"https:\/\/www.ufla.br\/dcom\/wp-json\/wp\/v2\/posts\/146807\/revisions"}],"predecessor-version":[{"id":147075,"href":"https:\/\/www.ufla.br\/dcom\/wp-json\/wp\/v2\/posts\/146807\/revisions\/147075"}],"wp:attachment":[{"href":"https:\/\/www.ufla.br\/dcom\/wp-json\/wp\/v2\/media?parent=146807"}],"wp:term":[{"taxonomy":"category","embeddable":true,"href":"https:\/\/www.ufla.br\/dcom\/wp-json\/wp\/v2\/categories?post=146807"},{"taxonomy":"post_tag","embeddable":true,"href":"https:\/\/www.ufla.br\/dcom\/wp-json\/wp\/v2\/tags?post=146807"}],"curies":[{"name":"wp","href":"https:\/\/api.w.org\/{rel}","templated":true}]}}