{"id":145922,"date":"2017-11-21T12:40:53","date_gmt":"2017-11-21T14:40:53","guid":{"rendered":"http:\/\/www.ufla.br\/ascom\/?p=145922"},"modified":"2017-11-27T12:18:51","modified_gmt":"2017-11-27T14:18:51","slug":"projeto-vozes-da-africa-amplia-atuacao-em-mocambique","status":"publish","type":"post","link":"https:\/\/www.ufla.br\/dcom\/2017\/11\/21\/projeto-vozes-da-africa-amplia-atuacao-em-mocambique\/","title":{"rendered":"Projeto Vozes da \u00c1frica amplia atua\u00e7\u00e3o em Mo\u00e7ambique"},"content":{"rendered":"<p><a href=\"http:\/\/www.ufla.br\/ascom\/wp-content\/uploads\/2017\/11\/IMG-20171116-WA0020.jpg\"><img loading=\"lazy\" decoding=\"async\" class=\"alignleft wp-image-145924\" src=\"http:\/\/www.ufla.br\/ascom\/wp-content\/uploads\/2017\/11\/IMG-20171116-WA0020-249x166.jpg\" alt=\"\" width=\"249\" height=\"166\" srcset=\"https:\/\/www.ufla.br\/dcom\/wp-content\/uploads\/2017\/11\/IMG-20171116-WA0020-249x166.jpg 249w, https:\/\/www.ufla.br\/dcom\/wp-content\/uploads\/2017\/11\/IMG-20171116-WA0020-768x512.jpg 768w, https:\/\/www.ufla.br\/dcom\/wp-content\/uploads\/2017\/11\/IMG-20171116-WA0020-612x408.jpg 612w, https:\/\/www.ufla.br\/dcom\/wp-content\/uploads\/2017\/11\/IMG-20171116-WA0020-120x80.jpg 120w, https:\/\/www.ufla.br\/dcom\/wp-content\/uploads\/2017\/11\/IMG-20171116-WA0020.jpg 1080w\" sizes=\"auto, (max-width: 249px) 100vw, 249px\" \/><\/a>O Projeto Vozes da \u00c1frica ampliou suas a\u00e7\u00f5es extensionistas em Mo\u00e7ambique. A convite da Escola Superior de Desenvolvimento Rural (Esuder),&nbsp; de Vilancoulos, norte de Mo\u00e7ambique, o professor da Universidade Federal de Lavras (UFLA) Gilmar Tavares participou do evento anual \u201c3\u00aa Jornadas Cient\u00edficas-2017\u201d, promovido pela Esuder, coligada \u00e0 Universidade Eduardo Mondlane.<\/p>\n<p>Foram realizados v\u00e1rios semin\u00e1rios sobre Tecnologias Socioambientais, desenvolvidas, testadas e aprovadas&nbsp; pela Agroecologia e focadas na Agricultura Familiar, bem como em suas correla\u00e7\u00f5es com o pequeno produtor e com os programas de seguran\u00e7a alimentar sustent\u00e1veis.<\/p>\n<p>Durante o evento, foi criada a primeira Unidade Experimental Participativa (UEP) regional, que ser\u00e1 unidade rural funcional (machamba) para o desenvolvimento participativo e difus\u00e3o das tecnologias socioambientais sustent\u00e1veis, ou seja, economicamente vi\u00e1veis, ecologicamente corretas, socialmente justas, culturalmente adequadas, tecnologicamente apropriadas e cientificamente comprovadas. Esta UEP recebeu o nome de \u201cUEP Sr. Azarias\u201d.<\/p>\n<p>Gilmar conta que Azarias \u00e9 um pequeno produtor familiar local que permitiu que sua \u201cmachamba\u201d fosse utilizada como unidade agroecol\u00f3gica participativa. Para desencadear a difus\u00e3o participativa das tecnologias socioambientais sustent\u00e1veis, iniciou-se o trabalho com um minhoc\u00e1rio experimental e produ\u00e7\u00e3o de biofertilizantes e compostagem, tendo o professor PhD. H\u00e9lio Cuamba, da Esuder, como focal-point e orientador.<a href=\"http:\/\/www.ufla.br\/ascom\/wp-content\/uploads\/2017\/11\/IMG-20171116-WA0013.jpg\"><img loading=\"lazy\" decoding=\"async\" class=\"size-medium wp-image-145923 alignright\" src=\"http:\/\/www.ufla.br\/ascom\/wp-content\/uploads\/2017\/11\/IMG-20171116-WA0013-249x166.jpg\" alt=\"\" width=\"249\" height=\"166\" srcset=\"https:\/\/www.ufla.br\/dcom\/wp-content\/uploads\/2017\/11\/IMG-20171116-WA0013-249x166.jpg 249w, https:\/\/www.ufla.br\/dcom\/wp-content\/uploads\/2017\/11\/IMG-20171116-WA0013-768x512.jpg 768w, https:\/\/www.ufla.br\/dcom\/wp-content\/uploads\/2017\/11\/IMG-20171116-WA0013-612x408.jpg 612w, https:\/\/www.ufla.br\/dcom\/wp-content\/uploads\/2017\/11\/IMG-20171116-WA0013-120x80.jpg 120w, https:\/\/www.ufla.br\/dcom\/wp-content\/uploads\/2017\/11\/IMG-20171116-WA0013.jpg 1080w\" sizes=\"auto, (max-width: 249px) 100vw, 249px\" \/><\/a><\/p>\n<p>Outro evento significativo foi a aprova\u00e7\u00e3o da pr\u00e9-proposta para a cria\u00e7\u00e3o na Esuder, do primeiro curso <em>strictu-sensu <\/em>de Agroecologia, em n\u00edvel de mestrado. O professor PhD. Joaquim Vicente Uate foi indicado como coordenador.<\/p>\n<p>Al\u00e9m disso, o professor Ednilton T. de Andrade, coordenador de P\u00f3s-Gradua\u00e7\u00e3o em Engenharia Agr\u00edcola da UFLA se prontificou em participar da comiss\u00e3o mista UFLA\/ESUDER, que apresentar\u00e1 o projeto definitivo ao governo federal mo\u00e7ambicano. A elabora\u00e7\u00e3o da proposta j\u00e1 est\u00e1 em constru\u00e7\u00e3o participativa.<\/p>\n<p><strong>Vozes da \u00c1frica <\/strong><\/p>\n<p>O Projeto Vozes da \u00c1frica atua desde outubro de 2016 no sul de Mo\u00e7ambique, na localidade de Muzumuia e adjac\u00eancias, em parceria com a ONG-Fraternidade Sem Fronteiras, desenvolvendo atividades de Agroecologia e Seguran\u00e7a Alimentar.<\/p>\n<p>Atua tamb\u00e9m na Rep\u00fablica Democr\u00e1tica do Congo,&nbsp;originariamente em parceria com a ABC\/MRE,&nbsp;com frentes de trabalho em Goma (Universidade ULPGL), Maniema (ONG-Solidariedade Feminina) e Kinshasa (Instituto INERA).<\/p>\n<p>Em 2012, 60 professores e t\u00e9cnicos congoleses foram capacitados presencialmente na UFLA em Agroecologia, Agricultura Familiar e Extens\u00e3o Universit\u00e1ria Inovadora. Desses, tr\u00eas continuaram os estudos na UFLA em n\u00edvel de P\u00f3s-Gradua\u00e7\u00e3o. Dois mestrandos e um doutorando.Todos conclu\u00edram seus respectivos cursos com sucesso e j\u00e1 retornaram \u00e0 RD Congo, para impulsionar o desenvolvimento daquela na\u00e7\u00e3o carente.<\/p>\n<p>No Reposit\u00f3rio Institucional da UFLA est\u00e3o disponibilizados quatro trabalhos extensionistas resultantes do apoio da UFLA ao projeto:&nbsp;<\/p>\n<ul>\n<li><em>Filtre \u00e0 eau agro\u00e9cologique&nbsp;<\/em><em><a href=\"http:\/\/repositorio.ufla.br\/handle\/1\/15217\">http:\/\/repositorio.ufla.br\/handle\/1\/15217<\/a><\/em><em>;&nbsp;<\/em><\/li>\n<li><em>Quelques contes Afrique ;&nbsp;<\/em><em><a href=\"http:\/\/repositorio.ufla.br\/handle\/1\/11156\">http:\/\/repositorio.ufla.br\/handle\/1\/11156<\/a><\/em><\/li>\n<li><em>Valida\u00e7\u00e3o cient\u00edfica e vi\u00e9s extensionista para a Ecofossa&nbsp;<\/em><a href=\"http:\/\/repositorio.ufla.br\/handle\/1\/15481\"><em>http:\/\/repositorio.ufla.br\/handle\/1\/15481<\/em><\/a><\/li>\n<li><em>\u201cBiofertilisation et compostage: performance de l&#8217;application de biofertilisants en RD Congo et compl\u00e9ments \u00e0 propos du compostage et biofertilizants au Br\u00e9sil\u201d:&nbsp;<\/em><a href=\"http:\/\/repositorio.ufla.br\/handle\/1\/28146\">http:\/\/repositorio.ufla.br\/handle\/1\/28146<\/a><\/li>\n<\/ul>\n","protected":false},"excerpt":{"rendered":"<p>O Projeto Vozes da \u00c1frica ampliou suas a\u00e7\u00f5es extensionistas em Mo\u00e7ambique. A convite da Escola Superior de Desenvolvimento Rural (Esuder),&nbsp; de Vilancoulos, norte de Mo\u00e7ambique, o professor da Universidade Federal de Lavras (UFLA) Gilmar Tavares participou do evento anual \u201c3\u00aa Jornadas Cient\u00edficas-2017\u201d, promovido pela Esuder, coligada \u00e0 Universidade Eduardo Mondlane. Foram realizados v\u00e1rios semin\u00e1rios sobre &hellip; <a href=\"https:\/\/www.ufla.br\/dcom\/2017\/11\/21\/projeto-vozes-da-africa-amplia-atuacao-em-mocambique\/\" class=\"more-link\">Continue lendo <span class=\"screen-reader-text\">Projeto Vozes da \u00c1frica amplia atua\u00e7\u00e3o em Mo\u00e7ambique<\/span> <span class=\"meta-nav\">&rarr;<\/span><\/a><\/p>\n","protected":false},"author":32,"featured_media":0,"comment_status":"closed","ping_status":"closed","sticky":false,"template":"","format":"standard","meta":{"ngg_post_thumbnail":0,"footnotes":""},"categories":[1,10],"tags":[],"class_list":["post-145922","post","type-post","status-publish","format-standard","hentry","category-noticias","category-menores"],"_links":{"self":[{"href":"https:\/\/www.ufla.br\/dcom\/wp-json\/wp\/v2\/posts\/145922","targetHints":{"allow":["GET"]}}],"collection":[{"href":"https:\/\/www.ufla.br\/dcom\/wp-json\/wp\/v2\/posts"}],"about":[{"href":"https:\/\/www.ufla.br\/dcom\/wp-json\/wp\/v2\/types\/post"}],"author":[{"embeddable":true,"href":"https:\/\/www.ufla.br\/dcom\/wp-json\/wp\/v2\/users\/32"}],"replies":[{"embeddable":true,"href":"https:\/\/www.ufla.br\/dcom\/wp-json\/wp\/v2\/comments?post=145922"}],"version-history":[{"count":5,"href":"https:\/\/www.ufla.br\/dcom\/wp-json\/wp\/v2\/posts\/145922\/revisions"}],"predecessor-version":[{"id":145958,"href":"https:\/\/www.ufla.br\/dcom\/wp-json\/wp\/v2\/posts\/145922\/revisions\/145958"}],"wp:attachment":[{"href":"https:\/\/www.ufla.br\/dcom\/wp-json\/wp\/v2\/media?parent=145922"}],"wp:term":[{"taxonomy":"category","embeddable":true,"href":"https:\/\/www.ufla.br\/dcom\/wp-json\/wp\/v2\/categories?post=145922"},{"taxonomy":"post_tag","embeddable":true,"href":"https:\/\/www.ufla.br\/dcom\/wp-json\/wp\/v2\/tags?post=145922"}],"curies":[{"name":"wp","href":"https:\/\/api.w.org\/{rel}","templated":true}]}}