{"id":145902,"date":"2017-11-21T10:30:23","date_gmt":"2017-11-21T12:30:23","guid":{"rendered":"http:\/\/www.ufla.br\/ascom\/?p=145902"},"modified":"2017-11-23T12:47:23","modified_gmt":"2017-11-23T14:47:23","slug":"inicia-na-proxima-semana-o-curso-sobre-cultura-brasileira-para-estrangeiros","status":"publish","type":"post","link":"https:\/\/www.ufla.br\/dcom\/2017\/11\/21\/inicia-na-proxima-semana-o-curso-sobre-cultura-brasileira-para-estrangeiros\/","title":{"rendered":"Inicia na pr\u00f3xima semana o curso sobre cultura brasileira para estrangeiros"},"content":{"rendered":"<p><a href=\"http:\/\/www.ufla.br\/ascom\/wp-content\/uploads\/2017\/11\/Nucli.png\"><img loading=\"lazy\" decoding=\"async\" class=\"alignleft wp-image-145903\" src=\"http:\/\/www.ufla.br\/ascom\/wp-content\/uploads\/2017\/11\/Nucli-249x82.png\" alt=\"\" width=\"225\" height=\"74\" srcset=\"https:\/\/www.ufla.br\/dcom\/wp-content\/uploads\/2017\/11\/Nucli-249x82.png 249w, https:\/\/www.ufla.br\/dcom\/wp-content\/uploads\/2017\/11\/Nucli-120x39.png 120w, https:\/\/www.ufla.br\/dcom\/wp-content\/uploads\/2017\/11\/Nucli.png 284w\" sizes=\"auto, (max-width: 225px) 100vw, 225px\" \/><\/a>O N\u00facleo de L\u00ednguas da Universidade Federal de Lavras (NucLi\/UFLA), realiza a partir da pr\u00f3xima segunda-feira (27\/11), o curso \u201c Aspectos da Cultura Brasileira\u201d voltado para estrangeiros. O workshop ser\u00e1 ministrado pela professora do Departamento de Estudos da Linguagem (DEL) D\u00e9bora Racy Soares, respons\u00e1vel pelas disciplinas de Portugu\u00eas como L\u00edngua Estrangeira e Cultura Brasileira, e segue at\u00e9 quinta-feira (30\/11), das 14h \u00e0s 18h, na sala 10 do Pavilh\u00e3o 6.<\/p>\n<p>As inscri\u00e7\u00f5es j\u00e1 est\u00e3o encerradas, mas haver\u00e1 novas ofertas no pr\u00f3ximo semestre. Mais informa\u00e7\u00f5es podem ser obtidas presencialmente na Coordena\u00e7\u00e3o do NucLi, localizada no Pavilh\u00e3o 6 \u2013 sala 10, das 8h \u00e0s 12h e das 14h \u00e0s 18h, de segunda a quinta-feira, pelo telefone (35) 3829-3127 ou email:&nbsp;nucli@dri.ufla.br.<\/p>\n<p><strong>Karina Mascarenhas, jornalista- bolsista Dcom\/Fapemig.&nbsp;<\/strong><\/p>\n<p>&nbsp;<\/p>\n","protected":false},"excerpt":{"rendered":"<p>O N\u00facleo de L\u00ednguas da Universidade Federal de Lavras (NucLi\/UFLA), realiza a partir da pr\u00f3xima segunda-feira (27\/11), o curso \u201c Aspectos da Cultura Brasileira\u201d voltado para estrangeiros. O workshop ser\u00e1 ministrado pela professora do Departamento de Estudos da Linguagem (DEL) D\u00e9bora Racy Soares, respons\u00e1vel pelas disciplinas de Portugu\u00eas como L\u00edngua Estrangeira e Cultura Brasileira, e &hellip; <a href=\"https:\/\/www.ufla.br\/dcom\/2017\/11\/21\/inicia-na-proxima-semana-o-curso-sobre-cultura-brasileira-para-estrangeiros\/\" class=\"more-link\">Continue lendo <span class=\"screen-reader-text\">Inicia na pr\u00f3xima semana o curso sobre cultura brasileira para estrangeiros<\/span> <span class=\"meta-nav\">&rarr;<\/span><\/a><\/p>\n","protected":false},"author":20,"featured_media":0,"comment_status":"closed","ping_status":"closed","sticky":false,"template":"","format":"standard","meta":{"ngg_post_thumbnail":0,"footnotes":""},"categories":[1,10],"tags":[],"class_list":["post-145902","post","type-post","status-publish","format-standard","hentry","category-noticias","category-menores"],"_links":{"self":[{"href":"https:\/\/www.ufla.br\/dcom\/wp-json\/wp\/v2\/posts\/145902","targetHints":{"allow":["GET"]}}],"collection":[{"href":"https:\/\/www.ufla.br\/dcom\/wp-json\/wp\/v2\/posts"}],"about":[{"href":"https:\/\/www.ufla.br\/dcom\/wp-json\/wp\/v2\/types\/post"}],"author":[{"embeddable":true,"href":"https:\/\/www.ufla.br\/dcom\/wp-json\/wp\/v2\/users\/20"}],"replies":[{"embeddable":true,"href":"https:\/\/www.ufla.br\/dcom\/wp-json\/wp\/v2\/comments?post=145902"}],"version-history":[{"count":2,"href":"https:\/\/www.ufla.br\/dcom\/wp-json\/wp\/v2\/posts\/145902\/revisions"}],"predecessor-version":[{"id":145964,"href":"https:\/\/www.ufla.br\/dcom\/wp-json\/wp\/v2\/posts\/145902\/revisions\/145964"}],"wp:attachment":[{"href":"https:\/\/www.ufla.br\/dcom\/wp-json\/wp\/v2\/media?parent=145902"}],"wp:term":[{"taxonomy":"category","embeddable":true,"href":"https:\/\/www.ufla.br\/dcom\/wp-json\/wp\/v2\/categories?post=145902"},{"taxonomy":"post_tag","embeddable":true,"href":"https:\/\/www.ufla.br\/dcom\/wp-json\/wp\/v2\/tags?post=145902"}],"curies":[{"name":"wp","href":"https:\/\/api.w.org\/{rel}","templated":true}]}}