{"id":145899,"date":"2017-11-21T10:17:00","date_gmt":"2017-11-21T12:17:00","guid":{"rendered":"http:\/\/www.ufla.br\/ascom\/?p=145899"},"modified":"2017-11-22T18:05:58","modified_gmt":"2017-11-22T20:05:58","slug":"resultado-final-da-i-olimpiada-de-matematica-e-do-concurso-de-poesias-em-tres-pontas","status":"publish","type":"post","link":"https:\/\/www.ufla.br\/dcom\/2017\/11\/21\/resultado-final-da-i-olimpiada-de-matematica-e-do-concurso-de-poesias-em-tres-pontas\/","title":{"rendered":"Resultado final da I Olimp\u00edada de Matem\u00e1tica e do Concurso de Poesias em Tr\u00eas Pontas"},"content":{"rendered":"<p>A Universidade Federal de Lavras (UFLA) finalizou a&nbsp;I Olimp\u00edada de Matem\u00e1tica e o Concurso de Poesias em Tr\u00eas Pontas. A competi\u00e7\u00e3o foi voltada para alunos do 6\u00ba ao 9\u00ba ano do Ensino Fundamental e do Ensino M\u00e9dio de escolas p\u00fablicas e particulares. Foram 39 medalhistas em Poesia; 17 medalhistas em Matem\u00e1tica; al\u00e9m de men\u00e7\u00f5es honrosas para professores. A classifica\u00e7\u00e3o final pode ser acessada no site: <a href=\"http:\/\/www.dex.ufla.br\/olm\/trespontas.html\">http:\/\/www.dex.ufla.br\/olm\/trespontas.html<\/a>.<\/p>\n<p>A Olimp\u00edada Trespontana de Matem\u00e1tica visou estimular e promover o estudo da Matem\u00e1tica entre alunos da rede b\u00e1sica, contribuindo para a melhoria da qualidade do ensino fundamental e m\u00e9dio e o aperfei\u00e7oamento dos professores, al\u00e9m de identificar jovens talentos na Matem\u00e1tica e aproximar a UFLA das escolas da cidade de Tr\u00eas Pontas.<\/p>\n<figure id=\"attachment_145900\" aria-describedby=\"caption-attachment-145900\" style=\"width: 203px\" class=\"wp-caption alignright\"><a href=\"http:\/\/www.ufla.br\/ascom\/wp-content\/uploads\/2017\/11\/Mat.jpg\"><img loading=\"lazy\" decoding=\"async\" class=\" wp-image-145900\" src=\"http:\/\/www.ufla.br\/ascom\/wp-content\/uploads\/2017\/11\/Mat-249x140.jpg\" alt=\"\" width=\"203\" height=\"114\" srcset=\"https:\/\/www.ufla.br\/dcom\/wp-content\/uploads\/2017\/11\/Mat-249x140.jpg 249w, https:\/\/www.ufla.br\/dcom\/wp-content\/uploads\/2017\/11\/Mat-768x432.jpg 768w, https:\/\/www.ufla.br\/dcom\/wp-content\/uploads\/2017\/11\/Mat-612x344.jpg 612w, https:\/\/www.ufla.br\/dcom\/wp-content\/uploads\/2017\/11\/Mat-120x68.jpg 120w, https:\/\/www.ufla.br\/dcom\/wp-content\/uploads\/2017\/11\/Mat.jpg 960w\" sizes=\"auto, (max-width: 203px) 100vw, 203px\" \/><\/a><figcaption id=\"caption-attachment-145900\" class=\"wp-caption-text\">Aplica\u00e7\u00e3o das provas<\/figcaption><\/figure>\n<p>\u201cO munic\u00edpio de Tr\u00eas Pontas tem tido uma quantidade de alunos premiados aqu\u00e9m do seu potencial. Um dos motivos, \u00e9 que a Olimp\u00edada de Matem\u00e1tica apresenta problemas de Matem\u00e1tica de maneira diferente de livros did\u00e1ticos explorando o racioc\u00ednio e instigando o estudante e seu professor a buscar solu\u00e7\u00f5es criativas\u201d, comenta a organiza\u00e7\u00e3o.<\/p>\n<p>Al\u00e9m da Olimp\u00edada de Matem\u00e1tica, ocorreu o Concurso de Poesia, que teve como Comiss\u00e3o Julgadora os professores da UFLA: Celso Vallin, do Departamento de Educa\u00e7\u00e3o e Olga Lucia Mondragon Bernal, do Departamento de Ci\u00eancias dos Alimentos; os estudantes de Letras na UFLA: Christian Ant\u00f4nio de Souza Sales, Silmara Santos e Greicielle dos Santos e o estudante de Engenharia Ambiental e Sanit\u00e1ria Tiago Henrique da Silva; al\u00e9m do assistente em administra\u00e7\u00e3o e graduando em Direito pela UFLA Cristian Maciel dos Santos Ramos, da coordenadora de Cerimonial da UFLA Ma\u00edsa Lima e do jornalista Sebasti\u00e3o Filho.<\/p>\n<p>A cerim\u00f4nia de premia\u00e7\u00e3o ser\u00e1 realizada no dia 25 de novembro, \u00e0s 17h, no Anfiteatro da Cocatrel, no centro de Tr\u00eas Pontas. \u201cEsperamos que a OTM e o Concurso de Poesias Trespontano possam contribuir para o aumento do interesse dos alunos nas disciplinas de Matem\u00e1tica e L\u00edngua Portuguesa e pelo estudo em geral, assim como a melhora do desempenho em sala de aula. Consequentemente, melhores resultados podem ser obtidos no que diz respeito \u00e0 criatividade, disciplina, autoestima e motiva\u00e7\u00e3o dos alunos\u201d, destaca a organiza\u00e7\u00e3o.<\/p>\n","protected":false},"excerpt":{"rendered":"<p>A Universidade Federal de Lavras (UFLA) finalizou a&nbsp;I Olimp\u00edada de Matem\u00e1tica e o Concurso de Poesias em Tr\u00eas Pontas. A competi\u00e7\u00e3o foi voltada para alunos do 6\u00ba ao 9\u00ba ano do Ensino Fundamental e do Ensino M\u00e9dio de escolas p\u00fablicas e particulares. Foram 39 medalhistas em Poesia; 17 medalhistas em Matem\u00e1tica; al\u00e9m de men\u00e7\u00f5es honrosas &hellip; <a href=\"https:\/\/www.ufla.br\/dcom\/2017\/11\/21\/resultado-final-da-i-olimpiada-de-matematica-e-do-concurso-de-poesias-em-tres-pontas\/\" class=\"more-link\">Continue lendo <span class=\"screen-reader-text\">Resultado final da I Olimp\u00edada de Matem\u00e1tica e do Concurso de Poesias em Tr\u00eas Pontas<\/span> <span class=\"meta-nav\">&rarr;<\/span><\/a><\/p>\n","protected":false},"author":32,"featured_media":0,"comment_status":"closed","ping_status":"closed","sticky":false,"template":"","format":"standard","meta":{"ngg_post_thumbnail":0,"footnotes":""},"categories":[1,10],"tags":[],"class_list":["post-145899","post","type-post","status-publish","format-standard","hentry","category-noticias","category-menores"],"_links":{"self":[{"href":"https:\/\/www.ufla.br\/dcom\/wp-json\/wp\/v2\/posts\/145899","targetHints":{"allow":["GET"]}}],"collection":[{"href":"https:\/\/www.ufla.br\/dcom\/wp-json\/wp\/v2\/posts"}],"about":[{"href":"https:\/\/www.ufla.br\/dcom\/wp-json\/wp\/v2\/types\/post"}],"author":[{"embeddable":true,"href":"https:\/\/www.ufla.br\/dcom\/wp-json\/wp\/v2\/users\/32"}],"replies":[{"embeddable":true,"href":"https:\/\/www.ufla.br\/dcom\/wp-json\/wp\/v2\/comments?post=145899"}],"version-history":[{"count":1,"href":"https:\/\/www.ufla.br\/dcom\/wp-json\/wp\/v2\/posts\/145899\/revisions"}],"predecessor-version":[{"id":145901,"href":"https:\/\/www.ufla.br\/dcom\/wp-json\/wp\/v2\/posts\/145899\/revisions\/145901"}],"wp:attachment":[{"href":"https:\/\/www.ufla.br\/dcom\/wp-json\/wp\/v2\/media?parent=145899"}],"wp:term":[{"taxonomy":"category","embeddable":true,"href":"https:\/\/www.ufla.br\/dcom\/wp-json\/wp\/v2\/categories?post=145899"},{"taxonomy":"post_tag","embeddable":true,"href":"https:\/\/www.ufla.br\/dcom\/wp-json\/wp\/v2\/tags?post=145899"}],"curies":[{"name":"wp","href":"https:\/\/api.w.org\/{rel}","templated":true}]}}