{"id":145896,"date":"2017-11-21T09:32:45","date_gmt":"2017-11-21T11:32:45","guid":{"rendered":"http:\/\/www.ufla.br\/ascom\/?p=145896"},"modified":"2017-12-01T08:13:04","modified_gmt":"2017-12-01T10:13:04","slug":"ufla-convoca-servidores-para-integrar-a-comissao-propria-de-avaliacao-inscricao-prorrogada-ate-30-11","status":"publish","type":"post","link":"https:\/\/www.ufla.br\/dcom\/2017\/11\/21\/ufla-convoca-servidores-para-integrar-a-comissao-propria-de-avaliacao-inscricao-prorrogada-ate-30-11\/","title":{"rendered":"UFLA convoca servidores para integrar a Comiss\u00e3o Pr\u00f3pria de Avalia\u00e7\u00e3o \u2013 inscri\u00e7\u00e3o prorrogada at\u00e9 30\/11"},"content":{"rendered":"<p style=\"text-align: justify; line-height: 115%; background: white; margin: 12.0pt 0cm .0001pt 0cm;\"><span style=\"color: #333333;\">Est\u00e3o prorrogadas as inscri\u00e7\u00f5es para a escolha dos representantes dos servidores t\u00e9cnico-administrativos da UFLA para integrar a Comiss\u00e3o Pr\u00f3pria de Avalia\u00e7\u00e3o (CPA).<\/span><\/p>\n<p style=\"text-align: justify; line-height: 115%; background: white; margin: 12.0pt 0cm .0001pt 0cm;\"><span style=\"color: #333333;\">Os candidatos dever\u00e3o se inscrever<strong>&nbsp;at\u00e9 \u00e0s 17 horas do dia 30 de novembro de 2017 (quinta-feira)<\/strong>, na Secretaria da Reitoria, onde far\u00e3o o compromisso expresso de que, caso eleitos, aceitar\u00e3o a investidura, em conformidade com o previsto no art. 26, inciso III, do Regimento Geral da UFLA.<\/span><\/p>\n<p style=\"text-align: start; line-height: 115%; background: white; font-variant-ligatures: normal; font-variant-caps: normal; orphans: 2; widows: 2; -webkit-text-stroke-width: 0px; text-decoration-style: initial; text-decoration-color: initial; word-spacing: 0px; margin: 12.0pt 0cm .0001pt 0cm;\"><span style=\"color: #333333;\">A elei\u00e7\u00e3o ser\u00e1 realizada no dia<strong>&nbsp;4 de dezembro de 2017 (segunda-feira)<\/strong>,&nbsp;<strong>no Sal\u00e3o dos Conselhos da Reitoria, das 8 horas \u00e0s 17 horas,&nbsp;<\/strong>n\u00e3o sendo admitidos votos por procura\u00e7\u00e3o ou cumulativos.<\/span><\/p>\n<p style=\"text-align: start; line-height: 115%; background: white; font-variant-ligatures: normal; font-variant-caps: normal; orphans: 2; widows: 2; -webkit-text-stroke-width: 0px; text-decoration-style: initial; text-decoration-color: initial; word-spacing: 0px; margin: 12.0pt 0cm .0001pt 0cm;\"><span style=\"color: #333333;\">O mandato ser\u00e1 de dois anos, sendo permitida uma recondu\u00e7\u00e3o. Dever\u00e3o ser eleitos dois t\u00e9cnicos administrativos como membros titulares, e dois membros suplentes, conforme o disposto no \u00a7 3\u00ba do art. 3\u00ba do Regimento Interno da CPA.<\/span><\/p>\n<p style=\"text-align: start; line-height: 115%; background: white; font-variant-ligatures: normal; font-variant-caps: normal; orphans: 2; widows: 2; -webkit-text-stroke-width: 0px; text-decoration-style: initial; text-decoration-color: initial; word-spacing: 0px; margin: 12.0pt 0cm .0001pt 0cm;\"><span style=\"color: #333333;\">Cada eleitor ter\u00e1 direito a apenas um voto, exercido pessoalmente, em apenas um nome para o cargo a ser provido.<\/span><\/p>\n<p style=\"text-align: start; line-height: 115%; background: white; font-variant-ligatures: normal; font-variant-caps: normal; orphans: 2; widows: 2; -webkit-text-stroke-width: 0px; text-decoration-style: initial; text-decoration-color: initial; word-spacing: 0px; margin: 12.0pt 0cm .0001pt 0cm;\"><span style=\"color: #333333;\">A apura\u00e7\u00e3o da elei\u00e7\u00e3o ser\u00e1 realizada na mesma sess\u00e3o, e ser\u00e1 considerado eleito o candidato mais votado.<\/span><\/p>\n","protected":false},"excerpt":{"rendered":"<p>Est\u00e3o prorrogadas as inscri\u00e7\u00f5es para a escolha dos representantes dos servidores t\u00e9cnico-administrativos da UFLA para integrar a Comiss\u00e3o Pr\u00f3pria de Avalia\u00e7\u00e3o (CPA). Os candidatos dever\u00e3o se inscrever&nbsp;at\u00e9 \u00e0s 17 horas do dia 30 de novembro de 2017 (quinta-feira), na Secretaria da Reitoria, onde far\u00e3o o compromisso expresso de que, caso eleitos, aceitar\u00e3o a investidura, em &hellip; <a href=\"https:\/\/www.ufla.br\/dcom\/2017\/11\/21\/ufla-convoca-servidores-para-integrar-a-comissao-propria-de-avaliacao-inscricao-prorrogada-ate-30-11\/\" class=\"more-link\">Continue lendo <span class=\"screen-reader-text\">UFLA convoca servidores para integrar a Comiss\u00e3o Pr\u00f3pria de Avalia\u00e7\u00e3o \u2013 inscri\u00e7\u00e3o prorrogada at\u00e9 30\/11<\/span> <span class=\"meta-nav\">&rarr;<\/span><\/a><\/p>\n","protected":false},"author":32,"featured_media":0,"comment_status":"closed","ping_status":"closed","sticky":false,"template":"","format":"standard","meta":{"ngg_post_thumbnail":0,"footnotes":""},"categories":[1],"tags":[],"class_list":["post-145896","post","type-post","status-publish","format-standard","hentry","category-noticias"],"_links":{"self":[{"href":"https:\/\/www.ufla.br\/dcom\/wp-json\/wp\/v2\/posts\/145896","targetHints":{"allow":["GET"]}}],"collection":[{"href":"https:\/\/www.ufla.br\/dcom\/wp-json\/wp\/v2\/posts"}],"about":[{"href":"https:\/\/www.ufla.br\/dcom\/wp-json\/wp\/v2\/types\/post"}],"author":[{"embeddable":true,"href":"https:\/\/www.ufla.br\/dcom\/wp-json\/wp\/v2\/users\/32"}],"replies":[{"embeddable":true,"href":"https:\/\/www.ufla.br\/dcom\/wp-json\/wp\/v2\/comments?post=145896"}],"version-history":[{"count":2,"href":"https:\/\/www.ufla.br\/dcom\/wp-json\/wp\/v2\/posts\/145896\/revisions"}],"predecessor-version":[{"id":145898,"href":"https:\/\/www.ufla.br\/dcom\/wp-json\/wp\/v2\/posts\/145896\/revisions\/145898"}],"wp:attachment":[{"href":"https:\/\/www.ufla.br\/dcom\/wp-json\/wp\/v2\/media?parent=145896"}],"wp:term":[{"taxonomy":"category","embeddable":true,"href":"https:\/\/www.ufla.br\/dcom\/wp-json\/wp\/v2\/categories?post=145896"},{"taxonomy":"post_tag","embeddable":true,"href":"https:\/\/www.ufla.br\/dcom\/wp-json\/wp\/v2\/tags?post=145896"}],"curies":[{"name":"wp","href":"https:\/\/api.w.org\/{rel}","templated":true}]}}