{"id":145867,"date":"2017-11-20T10:50:47","date_gmt":"2017-11-20T12:50:47","guid":{"rendered":"http:\/\/www.ufla.br\/ascom\/?p=145867"},"modified":"2017-12-08T11:20:23","modified_gmt":"2017-12-08T13:20:23","slug":"pas-2017-confira-os-gabaritos-e-cadernos-de-provas-divulgados-no-dia-20","status":"publish","type":"post","link":"https:\/\/www.ufla.br\/dcom\/2017\/11\/20\/pas-2017-confira-os-gabaritos-e-cadernos-de-provas-divulgados-no-dia-20\/","title":{"rendered":"PAS 2017: confira os gabaritos e cadernos de provas, divulgados no dia 20"},"content":{"rendered":"<p><a href=\"http:\/\/www.ufla.br\/ascom\/wp-content\/uploads\/2017\/06\/pas-2017-site.jpg\"><img loading=\"lazy\" decoding=\"async\" class=\"alignleft size-medium wp-image-133207\" src=\"http:\/\/www.ufla.br\/ascom\/wp-content\/uploads\/2017\/06\/pas-2017-site-249x142.jpg\" alt=\"\" width=\"249\" height=\"142\" srcset=\"https:\/\/www.ufla.br\/dcom\/wp-content\/uploads\/2017\/06\/pas-2017-site-249x142.jpg 249w, https:\/\/www.ufla.br\/dcom\/wp-content\/uploads\/2017\/06\/pas-2017-site-120x69.jpg 120w, https:\/\/www.ufla.br\/dcom\/wp-content\/uploads\/2017\/06\/pas-2017-site.jpg 548w\" sizes=\"auto, (max-width: 249px) 100vw, 249px\" \/><\/a>A Diretoria de Processos Seletivos da UFLA (<a href=\"http:\/\/www.dips.ufla.br\/\">Dips<\/a>) publicou, no dia 20, os gabaritos e cadernos de provas da primeira e segunda etapa do Processo de Avalia\u00e7\u00e3o Seriada da UFLA (PAS 2017). As provas foram aplicadas nesse final de semana (18 e 19 de novembro) em oito cidades de Minas Gerais: Lavras, Alfenas, Belo Horizonte, Divin\u00f3polis, Itajub\u00e1, Juiz de Fora, Varginha e Uberl\u00e2ndia.<\/p>\n<p>O Relat\u00f3rio de Desempenho ser\u00e1 disponibilizado a partir de maio de 2018, tanto para os candidatos, quanto para as escolas, de acordo com os editais.<\/p>\n<p>O PAS \u00e9 um processo de sele\u00e7\u00e3o aplicado em tr\u00eas etapas, uma ao final de cada ano do ensino m\u00e9dio. A terceira etapa \u00e9 correspondente ao Exame Nacional do Ensino M\u00e9dio (Enem). A UFLA destina 40% das vagas dos cursos de gradua\u00e7\u00e3o presenciais do primeiro per\u00edodo letivo de cada ano aos candidatos do PAS.<\/p>\n<p>Em cumprimento \u00e0 Lei n\u00ba 12.711, de 29\/8\/2012, regulamentada pelo Decreto n\u00ba 7.824, de 11\/10\/2012 e pela Portaria Normativa n\u00ba 18, de 11\/10\/2012, do Ministro de Estado da Educa\u00e7\u00e3o, publicados no Di\u00e1rio Oficial da Uni\u00e3o de 15\/10\/2012, a UFLA realiza a reserva de vagas, por curso, para os estudantes que tenham cursado integralmente o ensino m\u00e9dio em escolas p\u00fablicas.<\/p>\n<p>Todas as informa\u00e7\u00f5es sobre o Processo de Avalia\u00e7\u00e3o Seriada est\u00e3o contidas no site:&nbsp;<a href=\"http:\/\/www.ufla.br\/pas\">www.ufla.br\/pas<\/a>.<\/p>\n<p><strong>Acesse: <\/strong><\/p>\n<ul>\n<li><a href=\"http:\/\/www.ufla.br\/pas\/pas-1\/\">Provas e gabaritos \u2013 1\u00aa etapa \u2013 PAS 2017<\/a><\/li>\n<li><a href=\"http:\/\/www.ufla.br\/pas\/pas-2\/\">Provas e gabaritos \u2013 2\u00aa etapa \u2013 PAS 2017<\/a><\/li>\n<\/ul>\n<p>&nbsp;<\/p>\n","protected":false},"excerpt":{"rendered":"<p>As provas foram aplicadas nesse final de semana (18 e 19 de novembro) em oito cidades de Minas Gerais: Lavras, Alfenas, Belo Horizonte, Divin\u00f3polis, Itajub\u00e1, Juiz de Fora, Varginha e Uberl\u00e2ndia.<\/p>\n","protected":false},"author":27,"featured_media":0,"comment_status":"closed","ping_status":"closed","sticky":false,"template":"","format":"standard","meta":{"ngg_post_thumbnail":0,"footnotes":""},"categories":[1],"tags":[180,1917,913],"class_list":["post-145867","post","type-post","status-publish","format-standard","hentry","category-noticias","tag-pas","tag-pas-2017","tag-processo-de-avaliacao-seriada"],"_links":{"self":[{"href":"https:\/\/www.ufla.br\/dcom\/wp-json\/wp\/v2\/posts\/145867","targetHints":{"allow":["GET"]}}],"collection":[{"href":"https:\/\/www.ufla.br\/dcom\/wp-json\/wp\/v2\/posts"}],"about":[{"href":"https:\/\/www.ufla.br\/dcom\/wp-json\/wp\/v2\/types\/post"}],"author":[{"embeddable":true,"href":"https:\/\/www.ufla.br\/dcom\/wp-json\/wp\/v2\/users\/27"}],"replies":[{"embeddable":true,"href":"https:\/\/www.ufla.br\/dcom\/wp-json\/wp\/v2\/comments?post=145867"}],"version-history":[{"count":1,"href":"https:\/\/www.ufla.br\/dcom\/wp-json\/wp\/v2\/posts\/145867\/revisions"}],"predecessor-version":[{"id":145868,"href":"https:\/\/www.ufla.br\/dcom\/wp-json\/wp\/v2\/posts\/145867\/revisions\/145868"}],"wp:attachment":[{"href":"https:\/\/www.ufla.br\/dcom\/wp-json\/wp\/v2\/media?parent=145867"}],"wp:term":[{"taxonomy":"category","embeddable":true,"href":"https:\/\/www.ufla.br\/dcom\/wp-json\/wp\/v2\/categories?post=145867"},{"taxonomy":"post_tag","embeddable":true,"href":"https:\/\/www.ufla.br\/dcom\/wp-json\/wp\/v2\/tags?post=145867"}],"curies":[{"name":"wp","href":"https:\/\/api.w.org\/{rel}","templated":true}]}}