{"id":145437,"date":"2017-11-10T14:41:22","date_gmt":"2017-11-10T16:41:22","guid":{"rendered":"http:\/\/www.ufla.br\/ascom\/?p=145437"},"modified":"2017-11-14T14:27:26","modified_gmt":"2017-11-14T16:27:26","slug":"inscricoes-abertas-para-o-programa-de-startup-universitario-da-sedects","status":"publish","type":"post","link":"https:\/\/www.ufla.br\/dcom\/2017\/11\/10\/inscricoes-abertas-para-o-programa-de-startup-universitario-da-sedects\/","title":{"rendered":"Inscri\u00e7\u00f5es abertas para o programa de Startup Universit\u00e1rio da Sedects"},"content":{"rendered":"<p><a href=\"http:\/\/www.ufla.br\/ascom\/wp-content\/uploads\/2017\/11\/Startup-Universitario.png\"><img loading=\"lazy\" decoding=\"async\" class=\"size-medium wp-image-145438 alignleft\" src=\"http:\/\/www.ufla.br\/ascom\/wp-content\/uploads\/2017\/11\/Startup-Universitario-249x170.png\" alt=\"\" width=\"249\" height=\"170\" srcset=\"https:\/\/www.ufla.br\/dcom\/wp-content\/uploads\/2017\/11\/Startup-Universitario-249x170.png 249w, https:\/\/www.ufla.br\/dcom\/wp-content\/uploads\/2017\/11\/Startup-Universitario-768x524.png 768w, https:\/\/www.ufla.br\/dcom\/wp-content\/uploads\/2017\/11\/Startup-Universitario-612x417.png 612w, https:\/\/www.ufla.br\/dcom\/wp-content\/uploads\/2017\/11\/Startup-Universitario-120x82.png 120w, https:\/\/www.ufla.br\/dcom\/wp-content\/uploads\/2017\/11\/Startup-Universitario.png 1000w\" sizes=\"auto, (max-width: 249px) 100vw, 249px\" \/><\/a>As inscri\u00e7\u00f5es para o programa \u201cStartup Universit\u00e1rio\u201d, da Secretaria de Estado de Desenvolvimento Econ\u00f4mico, Ci\u00eancia, Tecnologia e Ensino Superior (<a href=\"http:\/\/www.tecnologia.mg.gov.br\/\">Sedectes<\/a>), desenvolvido por meio do programa Minas Digital, est\u00e3o abertas. O edital \u00e9 aberto para professores da rede de institui\u00e7\u00f5es p\u00fablicas e privadas de ensino superior em Minas Gerais, com um total de 100 vagas.<\/p>\n<p>O Startup Universit\u00e1rio visa despertar a cultura empreendedora e o desenvolvimento dos ecossistemas universit\u00e1rios nas Institui\u00e7\u00f5es P\u00fablicas e Privadas de Ensino Superior.&nbsp;Os professores selecionados ter\u00e3o apoio e capacita\u00e7\u00e3o para promoverem um ambiente favor\u00e1vel para o desenvolvimento do comportamento empreendedor dos alunos, incentivando a abertura de novos neg\u00f3cios e aumentando a densidade de startups no \u00e2mbito universit\u00e1rio.<\/p>\n<p>Aos interessados, as inscri\u00e7\u00f5es podem ser realizadas at\u00e9 o dia 24\/11, pelo formul\u00e1rio interno do site <a href=\"http:\/\/www.minasdigital.mg.gov.br\/inicio\/projetos\/projeto\/41\/startup-universitario\">Minas Digital<\/a>.<\/p>\n<p><a href=\"http:\/\/www.minasdigital.mg.gov.br\/assets\/startup-universitaria\/edital_startup_universitario_09_10_2017.pdf\">Confira o edital na \u00edntegra.&nbsp;<\/a><\/p>\n<p><strong><em>Texto: Let\u00edcia Faria e F\u00e1bio Lima&nbsp; \u2013 bolsistas Proat\/Dcom<\/em><\/strong><\/p>\n","protected":false},"excerpt":{"rendered":"<p>As inscri\u00e7\u00f5es para o programa \u201cStartup Universit\u00e1rio\u201d, da Secretaria de Estado de Desenvolvimento Econ\u00f4mico, Ci\u00eancia, Tecnologia e Ensino Superior (Sedectes), desenvolvido por meio do programa Minas Digital, est\u00e3o abertas. O edital \u00e9 aberto para professores da rede de institui\u00e7\u00f5es p\u00fablicas e privadas de ensino superior em Minas Gerais, com um total de 100 vagas. O &hellip; <a href=\"https:\/\/www.ufla.br\/dcom\/2017\/11\/10\/inscricoes-abertas-para-o-programa-de-startup-universitario-da-sedects\/\" class=\"more-link\">Continue lendo <span class=\"screen-reader-text\">Inscri\u00e7\u00f5es abertas para o programa de Startup Universit\u00e1rio da Sedects<\/span> <span class=\"meta-nav\">&rarr;<\/span><\/a><\/p>\n","protected":false},"author":20,"featured_media":0,"comment_status":"closed","ping_status":"closed","sticky":false,"template":"","format":"standard","meta":{"ngg_post_thumbnail":0,"footnotes":""},"categories":[1,10],"tags":[],"class_list":["post-145437","post","type-post","status-publish","format-standard","hentry","category-noticias","category-menores"],"_links":{"self":[{"href":"https:\/\/www.ufla.br\/dcom\/wp-json\/wp\/v2\/posts\/145437","targetHints":{"allow":["GET"]}}],"collection":[{"href":"https:\/\/www.ufla.br\/dcom\/wp-json\/wp\/v2\/posts"}],"about":[{"href":"https:\/\/www.ufla.br\/dcom\/wp-json\/wp\/v2\/types\/post"}],"author":[{"embeddable":true,"href":"https:\/\/www.ufla.br\/dcom\/wp-json\/wp\/v2\/users\/20"}],"replies":[{"embeddable":true,"href":"https:\/\/www.ufla.br\/dcom\/wp-json\/wp\/v2\/comments?post=145437"}],"version-history":[{"count":4,"href":"https:\/\/www.ufla.br\/dcom\/wp-json\/wp\/v2\/posts\/145437\/revisions"}],"predecessor-version":[{"id":145442,"href":"https:\/\/www.ufla.br\/dcom\/wp-json\/wp\/v2\/posts\/145437\/revisions\/145442"}],"wp:attachment":[{"href":"https:\/\/www.ufla.br\/dcom\/wp-json\/wp\/v2\/media?parent=145437"}],"wp:term":[{"taxonomy":"category","embeddable":true,"href":"https:\/\/www.ufla.br\/dcom\/wp-json\/wp\/v2\/categories?post=145437"},{"taxonomy":"post_tag","embeddable":true,"href":"https:\/\/www.ufla.br\/dcom\/wp-json\/wp\/v2\/tags?post=145437"}],"curies":[{"name":"wp","href":"https:\/\/api.w.org\/{rel}","templated":true}]}}