{"id":145414,"date":"2017-11-10T10:07:10","date_gmt":"2017-11-10T12:07:10","guid":{"rendered":"http:\/\/www.ufla.br\/ascom\/?p=145414"},"modified":"2017-11-13T11:41:16","modified_gmt":"2017-11-13T13:41:16","slug":"resultado-da-selecao-para-o-conselho-popularizaciencia","status":"publish","type":"post","link":"https:\/\/www.ufla.br\/dcom\/2017\/11\/10\/resultado-da-selecao-para-o-conselho-popularizaciencia\/","title":{"rendered":"Resultado da sele\u00e7\u00e3o para o Conselho PopularizaCi\u00eancia"},"content":{"rendered":"<p><a href=\"http:\/\/www.ufla.br\/ascom\/wp-content\/uploads\/2017\/09\/pesquisa_conselho.png\"><img loading=\"lazy\" decoding=\"async\" class=\"alignleft wp-image-142147\" src=\"http:\/\/www.ufla.br\/ascom\/wp-content\/uploads\/2017\/09\/pesquisa_conselho-249x207.png\" alt=\"\" width=\"191\" height=\"158\" srcset=\"https:\/\/www.ufla.br\/dcom\/wp-content\/uploads\/2017\/09\/pesquisa_conselho-249x207.png 249w, https:\/\/www.ufla.br\/dcom\/wp-content\/uploads\/2017\/09\/pesquisa_conselho-768x638.png 768w, https:\/\/www.ufla.br\/dcom\/wp-content\/uploads\/2017\/09\/pesquisa_conselho-612x509.png 612w, https:\/\/www.ufla.br\/dcom\/wp-content\/uploads\/2017\/09\/pesquisa_conselho-120x100.png 120w\" sizes=\"auto, (max-width: 191px) 100vw, 191px\" \/><\/a>A Diretoria de Comunica\u00e7\u00e3o (DCOM) e a Pr\u00f3-Reitoria de Pesquisa (PRP) da Universidade Federal de Lavras (UFLA) tornam p\u00fablico o resultado do edital de sele\u00e7\u00e3o para integrar o Conselho Consultivo das A\u00e7\u00f5es de Populariza\u00e7\u00e3o da Ci\u00eancia (Conselho PopularizaCi\u00eancia), que dever\u00e1 atuar com a Coordenadoria de Divulga\u00e7\u00e3o Cient\u00edfica da DCOM na sele\u00e7\u00e3o de pesquisas a serem divulgadas por meios de comunica\u00e7\u00e3o institucionais e em outras a\u00e7\u00f5es voltadas \u00e0 populariza\u00e7\u00e3o da ci\u00eancia.<\/p>\n<p>&nbsp;<\/p>\n<p><strong>Professores representantes<\/strong> de cada uma das grandes \u00e1reas do conhecimento definidas pela Coordena\u00e7\u00e3o de Aperfei\u00e7oamento de Pessoal de N\u00edvel Superior (Capes), a saber: Ci\u00eancias Exatas e da Terra; Ci\u00eancias Biol\u00f3gicas; Engenharias; Ci\u00eancias da Sa\u00fade; Ci\u00eancias Agr\u00e1rias; Ci\u00eancias Sociais Aplicadas; Ci\u00eancias Humanas, Lingu\u00edstica, Letras e Artes;<\/p>\n<p><strong>Ci\u00eancias Exatas e da Terra<\/strong> &#8211; Karen&nbsp;Luz Burgoa Rosso.<\/p>\n<p><strong>Ci\u00eancias Biol\u00f3gicas<\/strong> \u2013 Alessandra Ang\u00e9lica de P\u00e1dua Bueno.<\/p>\n<p><strong>Engenharias <\/strong>\u2013 Juliano Elvis de Oliveira.<\/p>\n<p><strong>Ci\u00eancias da Sa\u00fade<\/strong> \u2013 Joziana Muniz de Paiva Bar\u00e7ante.<\/p>\n<p><strong>Ci\u00eancias Agr\u00e1rias<\/strong> \u2013 Luiz Roberto Guimar\u00e3es.<\/p>\n<p><strong>Ci\u00eancias Sociais Aplicadas (Direito, Administra\u00e7\u00e3o e Computa\u00e7\u00e3o)-<\/strong> Ana Paula Piovesan Melchiori.<\/p>\n<p><strong>Ci\u00eancias Humanas (Educa\u00e7\u00e3o e Filosofia)-<\/strong> Marcelo Sevaybricker Moreira.<\/p>\n<p><strong>Lingu\u00edstica, Letras e Artes<\/strong> &#8211; Elaine das Gra\u00e7as Frade.<\/p>\n<p>&nbsp;<\/p>\n<p>Representantes dos <strong>estudantes de p\u00f3s-gradua\u00e7\u00e3o<\/strong>:<\/p>\n<p>C\u00e1ssio Alencar Nunes, doutorando em Ecologia Aplicada.<\/p>\n<p>Clara Mariana Gon\u00e7alves Lima, mestranda em Ci\u00eancias dos Alimentos (Suplente).<\/p>\n<p>&nbsp;<\/p>\n<p>Demais representantes:<\/p>\n<p><strong>Pr\u00f3-Reitoria de Pesquisa:<\/strong> professor Sergio Scherrer Thomasi.<\/p>\n<p><strong>Pr\u00f3-Reitoria de P\u00f3s-Gradua\u00e7\u00e3o:<\/strong> pr\u00f3-reitor, professor Rafael Pio.<\/p>\n<p><strong>Pr\u00f3-Reitoria de <\/strong><strong>Extens\u00e3o e Cultura:<\/strong> pr\u00f3-reitor, professor <strong>Jo\u00e3o Jos\u00e9 Granate de S\u00e1 e Melo Marques. <\/strong><\/p>\n<p>Pelos integrantes das equipes de projetos ativos de autoria da <strong>DCOM\/UFLA<\/strong> relacionados \u00e0 populariza\u00e7\u00e3o da ci\u00eancia.<\/p>\n<p>&nbsp;<\/p>\n<p><strong>Atribui\u00e7\u00f5es<\/strong><\/p>\n<p>O Conselho PopularizaCi\u00eancia ter\u00e1 a finalidade de propor e avaliar conte\u00fados e eventos que objetivem o compartilhamento com a sociedade &#8211; por meio de ve\u00edculos de comunica\u00e7\u00e3o gerenciados pela DCOM &#8211; do saber gerado por pesquisas desenvolvidas na UFLA (especificamente \u201cpopulariza\u00e7\u00e3o da ci\u00eancia\u201d). A atua\u00e7\u00e3o poder\u00e1 abranger, ainda, os programas a serem desenvolvidos pela R\u00e1dio Universit\u00e1ria e pela TVU Lavras.<\/p>\n<p>Os membros do Conselho dever\u00e3o reunir-se ordinariamente a cada dois meses, para apresenta\u00e7\u00e3o de sugest\u00f5es de divulga\u00e7\u00e3o e avalia\u00e7\u00e3o dos conte\u00fados j\u00e1 divulgados nos ve\u00edculos de comunica\u00e7\u00e3o gerenciados pela DCOM, ou sempre que convocados.<\/p>\n<p>Por meio de comunica\u00e7\u00f5es a serem feitas por meio de aplicativos virtuais de trocas de mensagens, os conselheiros dever\u00e3o opinar sobre conte\u00fados cuja produ\u00e7\u00e3o esteja em andamento.<\/p>\n","protected":false},"excerpt":{"rendered":"<p>A Diretoria de Comunica\u00e7\u00e3o (DCOM) e a Pr\u00f3-Reitoria de Pesquisa (PRP) da Universidade Federal de Lavras (UFLA) tornam p\u00fablico o resultado do edital de sele\u00e7\u00e3o para integrar o Conselho Consultivo das A\u00e7\u00f5es de Populariza\u00e7\u00e3o da Ci\u00eancia (Conselho PopularizaCi\u00eancia), que dever\u00e1 atuar com a Coordenadoria de Divulga\u00e7\u00e3o Cient\u00edfica da DCOM na sele\u00e7\u00e3o de pesquisas a serem &hellip; <a href=\"https:\/\/www.ufla.br\/dcom\/2017\/11\/10\/resultado-da-selecao-para-o-conselho-popularizaciencia\/\" class=\"more-link\">Continue lendo <span class=\"screen-reader-text\">Resultado da sele\u00e7\u00e3o para o Conselho PopularizaCi\u00eancia<\/span> <span class=\"meta-nav\">&rarr;<\/span><\/a><\/p>\n","protected":false},"author":32,"featured_media":0,"comment_status":"closed","ping_status":"closed","sticky":false,"template":"","format":"standard","meta":{"ngg_post_thumbnail":0,"footnotes":""},"categories":[1,10],"tags":[],"class_list":["post-145414","post","type-post","status-publish","format-standard","hentry","category-noticias","category-menores"],"_links":{"self":[{"href":"https:\/\/www.ufla.br\/dcom\/wp-json\/wp\/v2\/posts\/145414","targetHints":{"allow":["GET"]}}],"collection":[{"href":"https:\/\/www.ufla.br\/dcom\/wp-json\/wp\/v2\/posts"}],"about":[{"href":"https:\/\/www.ufla.br\/dcom\/wp-json\/wp\/v2\/types\/post"}],"author":[{"embeddable":true,"href":"https:\/\/www.ufla.br\/dcom\/wp-json\/wp\/v2\/users\/32"}],"replies":[{"embeddable":true,"href":"https:\/\/www.ufla.br\/dcom\/wp-json\/wp\/v2\/comments?post=145414"}],"version-history":[{"count":2,"href":"https:\/\/www.ufla.br\/dcom\/wp-json\/wp\/v2\/posts\/145414\/revisions"}],"predecessor-version":[{"id":145416,"href":"https:\/\/www.ufla.br\/dcom\/wp-json\/wp\/v2\/posts\/145414\/revisions\/145416"}],"wp:attachment":[{"href":"https:\/\/www.ufla.br\/dcom\/wp-json\/wp\/v2\/media?parent=145414"}],"wp:term":[{"taxonomy":"category","embeddable":true,"href":"https:\/\/www.ufla.br\/dcom\/wp-json\/wp\/v2\/categories?post=145414"},{"taxonomy":"post_tag","embeddable":true,"href":"https:\/\/www.ufla.br\/dcom\/wp-json\/wp\/v2\/tags?post=145414"}],"curies":[{"name":"wp","href":"https:\/\/api.w.org\/{rel}","templated":true}]}}