{"id":141177,"date":"2017-09-11T13:42:00","date_gmt":"2017-09-11T16:42:00","guid":{"rendered":"http:\/\/www.ufla.br\/ascom\/?p=141177"},"modified":"2017-09-18T12:16:07","modified_gmt":"2017-09-18T15:16:07","slug":"eleicao-para-dce-sera-nos-dias-28-e-299","status":"publish","type":"post","link":"https:\/\/www.ufla.br\/dcom\/2017\/09\/11\/eleicao-para-dce-sera-nos-dias-28-e-299\/","title":{"rendered":"Elei\u00e7\u00e3o para DCE ser\u00e1 nos dias 28\/9 e 29\/9"},"content":{"rendered":"<p><a href=\"http:\/\/www.ufla.br\/ascom\/wp-content\/uploads\/2017\/09\/dce.jpg\"><img loading=\"lazy\" decoding=\"async\" class=\"size-medium wp-image-141179 alignleft\" src=\"http:\/\/www.ufla.br\/ascom\/wp-content\/uploads\/2017\/09\/dce-249x232.jpg\" alt=\"\" width=\"249\" height=\"232\" srcset=\"https:\/\/www.ufla.br\/dcom\/wp-content\/uploads\/2017\/09\/dce-249x232.jpg 249w, https:\/\/www.ufla.br\/dcom\/wp-content\/uploads\/2017\/09\/dce-120x112.jpg 120w, https:\/\/www.ufla.br\/dcom\/wp-content\/uploads\/2017\/09\/dce.jpg 300w\" sizes=\"auto, (max-width: 249px) 100vw, 249px\" \/><\/a>O Diret\u00f3rio Central dos Estudantes (DCE) realizar\u00e1, entre os dias 28\/9 e 29\/9, das 9h \u00e0s 22h, no Centro de Conviv\u00eancia e no Canteiro Central, as elei\u00e7\u00f5es para a nova gest\u00e3o (2017-2018). O eleitor votar\u00e1 mediante apresenta\u00e7\u00e3o da Carteira de Estudante ou documento oficial que comprove sua matr\u00edcula em um dos cursos de gradua\u00e7\u00e3o da UFLA.<\/p>\n<p>Este ano, disputam a gest\u00e3o as chapas \u201cVoz Ativa\u201d e \u201cPor Todos os Cantos\u201d. Um debate est\u00e1 programado para o dia 26\/9, em local a ser definido e divulgado nas redes sociais.<\/p>\n<p>Para saber mais sobre as propostas das chapas, acesse:<\/p>\n<p>Propostas \u201cVoz Ativa\u201d: &nbsp;<a href=\"https:\/\/www.facebook.com\/vozativa17\/\">https:\/\/www.facebook.com\/vozativa17\/<\/a><\/p>\n<p>Propostas \u201cPor Todos os Cantos\u201d: <a href=\"https:\/\/www.facebook.com\/PortodososcantosChapa02\/\">https:\/\/www.facebook.com\/PortodososcantosChapa02\/<\/a><\/p>\n<p>Para mais informa\u00e7\u00f5es, acesse: <a href=\"https:\/\/www.facebook.com\/dceuflavozativa\/\">https:\/\/www.facebook.com\/dceuflavozativa\/<\/a><\/p>\n<p><strong><br \/>\nMayara Toyama- estagi\u00e1ria Dcom\/UFLA<\/strong><\/p>\n","protected":false},"excerpt":{"rendered":"<p>O Diret\u00f3rio Central dos Estudantes (DCE) realizar\u00e1, entre os dias 28\/9 e 29\/9, das 9h \u00e0s 22h, no Centro de Conviv\u00eancia e no Canteiro Central, as elei\u00e7\u00f5es para a nova gest\u00e3o (2017-2018). O eleitor votar\u00e1 mediante apresenta\u00e7\u00e3o da Carteira de Estudante ou documento oficial que comprove sua matr\u00edcula em um dos cursos de gradua\u00e7\u00e3o da &hellip; <a href=\"https:\/\/www.ufla.br\/dcom\/2017\/09\/11\/eleicao-para-dce-sera-nos-dias-28-e-299\/\" class=\"more-link\">Continue lendo <span class=\"screen-reader-text\">Elei\u00e7\u00e3o para DCE ser\u00e1 nos dias 28\/9 e 29\/9<\/span> <span class=\"meta-nav\">&rarr;<\/span><\/a><\/p>\n","protected":false},"author":20,"featured_media":0,"comment_status":"closed","ping_status":"closed","sticky":false,"template":"","format":"standard","meta":{"ngg_post_thumbnail":0,"footnotes":""},"categories":[1,10],"tags":[],"class_list":["post-141177","post","type-post","status-publish","format-standard","hentry","category-noticias","category-menores"],"_links":{"self":[{"href":"https:\/\/www.ufla.br\/dcom\/wp-json\/wp\/v2\/posts\/141177","targetHints":{"allow":["GET"]}}],"collection":[{"href":"https:\/\/www.ufla.br\/dcom\/wp-json\/wp\/v2\/posts"}],"about":[{"href":"https:\/\/www.ufla.br\/dcom\/wp-json\/wp\/v2\/types\/post"}],"author":[{"embeddable":true,"href":"https:\/\/www.ufla.br\/dcom\/wp-json\/wp\/v2\/users\/20"}],"replies":[{"embeddable":true,"href":"https:\/\/www.ufla.br\/dcom\/wp-json\/wp\/v2\/comments?post=141177"}],"version-history":[{"count":2,"href":"https:\/\/www.ufla.br\/dcom\/wp-json\/wp\/v2\/posts\/141177\/revisions"}],"predecessor-version":[{"id":141181,"href":"https:\/\/www.ufla.br\/dcom\/wp-json\/wp\/v2\/posts\/141177\/revisions\/141181"}],"wp:attachment":[{"href":"https:\/\/www.ufla.br\/dcom\/wp-json\/wp\/v2\/media?parent=141177"}],"wp:term":[{"taxonomy":"category","embeddable":true,"href":"https:\/\/www.ufla.br\/dcom\/wp-json\/wp\/v2\/categories?post=141177"},{"taxonomy":"post_tag","embeddable":true,"href":"https:\/\/www.ufla.br\/dcom\/wp-json\/wp\/v2\/tags?post=141177"}],"curies":[{"name":"wp","href":"https:\/\/api.w.org\/{rel}","templated":true}]}}