{"id":140167,"date":"2017-09-05T13:33:03","date_gmt":"2017-09-05T16:33:03","guid":{"rendered":"http:\/\/www.ufla.br\/ascom\/?p=140167"},"modified":"2017-09-12T17:51:32","modified_gmt":"2017-09-12T20:51:32","slug":"nucleo-de-estudos-em-fisiologia-vegetal-promove-ciclo-de-palestras-sobre-mudancas-climaticas","status":"publish","type":"post","link":"https:\/\/www.ufla.br\/dcom\/2017\/09\/05\/nucleo-de-estudos-em-fisiologia-vegetal-promove-ciclo-de-palestras-sobre-mudancas-climaticas\/","title":{"rendered":"N\u00facleo de Estudos em Fisiologia Vegetal promove ciclo de palestras sobre mudan\u00e7as clim\u00e1ticas\u00a0\u00a0"},"content":{"rendered":"<figure id=\"attachment_140168\" aria-describedby=\"caption-attachment-140168\" style=\"width: 249px\" class=\"wp-caption alignright\"><a href=\"http:\/\/www.ufla.br\/ascom\/wp-content\/uploads\/2017\/09\/nucleo.png\"><img loading=\"lazy\" decoding=\"async\" class=\"size-medium wp-image-140168\" src=\"http:\/\/www.ufla.br\/ascom\/wp-content\/uploads\/2017\/09\/nucleo-249x121.png\" alt=\"\" width=\"249\" height=\"121\" srcset=\"https:\/\/www.ufla.br\/dcom\/wp-content\/uploads\/2017\/09\/nucleo-249x121.png 249w, https:\/\/www.ufla.br\/dcom\/wp-content\/uploads\/2017\/09\/nucleo-120x58.png 120w, https:\/\/www.ufla.br\/dcom\/wp-content\/uploads\/2017\/09\/nucleo.png 540w\" sizes=\"auto, (max-width: 249px) 100vw, 249px\" \/><\/a><figcaption id=\"caption-attachment-140168\" class=\"wp-caption-text\">Palestrantes e integrantes do N\u00facleo de Estudos em Fisiologia Vegetal<\/figcaption><\/figure>\n<p>O N\u00facleo de Estudos em Fisiologia Vegetal (NEF), do Programa de P\u00f3s-gradua\u00e7\u00e3o em Fisiologia Vegetal, da Universidade Federal de Lavras (UFLA), encerrou as atividades do per\u00edodo letivo, com o II Ciclo de Palestras em Fisiologia Vegetal, cujo tema foi &#8220;Mudan\u00e7as clim\u00e1ticas e comportamento fisiol\u00f3gico das plantas&#8221;. Os palestrantes convidados foram os professores Jo\u00e3o Paulo Alves Delfino Barbosa, do Departamento de Biologia (DBI), Jo\u00e3o Paulo Pennacchi, da Universidade de Lancaster (Reino Unido), e F\u00e1bio Murilo Da Matta, da Universidade Federal de Vi\u00e7osa (UFV).<\/p>\n<p>O professor Jo\u00e3o Paulo apresentou a palestra sobre &#8220;A vegeta\u00e7\u00e3o no Sistema Terra em Mudan\u00e7a: o que sabemos? O que n\u00e3o sabemos?&#8221;. Na ocasi\u00e3o, o professor perguntou aos participantes do evento se as mudan\u00e7as clim\u00e1ticas representam o maior problema para os homens. Na sequ\u00eancia, ele apresentou algumas abordagens sobre o sistema Terra, considerando aspectos termodin\u00e2micos e desvios de equil\u00edbrio e esclareceu que as altera\u00e7\u00f5es clim\u00e1ticas s\u00e3o um tipo de mudan\u00e7a global.<\/p>\n<p>O professor, ent\u00e3o, definiu as mudan\u00e7as globais como todas as altera\u00e7\u00f5es no sistema Terra e suas intera\u00e7\u00f5es e prop\u00f4s quais seriam as causas dessas transforma\u00e7\u00f5es. Uma delas, as a\u00e7\u00f5es antr\u00f3picas, impacta acentuadamente a din\u00e2mica do sistema desde o avan\u00e7o tecnol\u00f3gico ap\u00f3s a Segunda Guerra Mundial.<\/p>\n<p>Jo\u00e3o Paulo exp\u00f4s alguns dos grandes desafios futuros, como a compreens\u00e3o sobre o papel da vegeta\u00e7\u00e3o no sistema e o aumento da produ\u00e7\u00e3o de alimentos utilizando menos insumos em ambientes mais desfavor\u00e1veis.<\/p>\n<p>Com a palestra &#8220;Mudan\u00e7as Clim\u00e1ticas e Produtividade Agr\u00edcola: A import\u00e2ncia da Fenotipagem e An\u00e1lise de Dados&#8221;, o professor Jo\u00e3o Paulo Pennacchi mostrou resultados pr\u00e1ticos dos estudos desenvolvidos na Universidade de Lancaster.<\/p>\n<p>Inicialmente, ele problematizou o assunto, destacando o aumento da popula\u00e7\u00e3o mundial previsto para os pr\u00f3ximos anos e o consequente desafio da produ\u00e7\u00e3o de alimentos. Jo\u00e3o Paulo ressaltou que com o melhoramento gen\u00e9tico houve aumentos da produtividade potencial das culturas. No entanto, para que ocorram expressivos aumentos da produtividade real, s\u00e3o necess\u00e1rios mais estudos para se compreender a estabilidade das culturas diante das varia\u00e7\u00f5es das condi\u00e7\u00f5es ambientais.<\/p>\n<p>Por fim, o professor F\u00e1bio Murilo Da Matta destacou os aspectos voltados \u00e0 fisiologia vegetal, com a palestra &#8220;Impactos das Mudan\u00e7as Clim\u00e1ticas Globais sobre a Fisiologia das Plantas&#8221;. O professor tratou a respeito da eleva\u00e7\u00e3o da concentra\u00e7\u00e3o de CO2 favor\u00e1vel para as plantas, considerando tamb\u00e9m o aumento da temperatura.<\/p>\n<p>Por outro lado, o professor ressaltou que a redu\u00e7\u00e3o de g\u00e1s tamb\u00e9m pode acarretar em aquecimento dos tecidos internos da planta. Ele apresentou ainda algumas das situa\u00e7\u00f5es catastr\u00f3ficas sobre o futuro da cafeicultura em face das mudan\u00e7as clim\u00e1ticas, bem como os efeitos da seca sobre a fisiologia do caf\u00e9, que pode resultar em frutos de m\u00e1 qualidade.<\/p>\n<p>Ap\u00f3s as palestras, o coordenador geral do NEF, Paulo Eduardo Marchiori (DBI) fez um resumo dos principais t\u00f3picos abordados pelos palestrantes e destacou a import\u00e2ncia da discuss\u00e3o do tema diante da crescente demanda por produ\u00e7\u00e3o de alimentos. &#8220;Quando discutimos sobre o tema para o ciclo de palestras, muitas sugest\u00f5es foram propostas, mas, de fato, o de mudan\u00e7as clim\u00e1ticas foi apropriado. Um tema atual, pol\u00eamico e ainda com uma abordagem relacionada \u00e0s plantas foi o diferencial para um momento de importantes discuss\u00f5es sobre o presente e o futuro da produtividade agr\u00edcola diante das mudan\u00e7as no ambiente&#8221;, concluiu.<\/p>\n","protected":false},"excerpt":{"rendered":"<p>O N\u00facleo de Estudos em Fisiologia Vegetal (NEF), do Programa de P\u00f3s-gradua\u00e7\u00e3o em Fisiologia Vegetal, da Universidade Federal de Lavras (UFLA), encerrou as atividades do per\u00edodo letivo, com o II Ciclo de Palestras em Fisiologia Vegetal, cujo tema foi &#8220;Mudan\u00e7as clim\u00e1ticas e comportamento fisiol\u00f3gico das plantas&#8221;. Os palestrantes convidados foram os professores Jo\u00e3o Paulo Alves &hellip; <a href=\"https:\/\/www.ufla.br\/dcom\/2017\/09\/05\/nucleo-de-estudos-em-fisiologia-vegetal-promove-ciclo-de-palestras-sobre-mudancas-climaticas\/\" class=\"more-link\">Continue lendo <span class=\"screen-reader-text\">N\u00facleo de Estudos em Fisiologia Vegetal promove ciclo de palestras sobre mudan\u00e7as clim\u00e1ticas\u00a0\u00a0<\/span> <span class=\"meta-nav\">&rarr;<\/span><\/a><\/p>\n","protected":false},"author":20,"featured_media":0,"comment_status":"closed","ping_status":"closed","sticky":false,"template":"","format":"standard","meta":{"ngg_post_thumbnail":0,"footnotes":""},"categories":[1,10],"tags":[],"class_list":["post-140167","post","type-post","status-publish","format-standard","hentry","category-noticias","category-menores"],"_links":{"self":[{"href":"https:\/\/www.ufla.br\/dcom\/wp-json\/wp\/v2\/posts\/140167","targetHints":{"allow":["GET"]}}],"collection":[{"href":"https:\/\/www.ufla.br\/dcom\/wp-json\/wp\/v2\/posts"}],"about":[{"href":"https:\/\/www.ufla.br\/dcom\/wp-json\/wp\/v2\/types\/post"}],"author":[{"embeddable":true,"href":"https:\/\/www.ufla.br\/dcom\/wp-json\/wp\/v2\/users\/20"}],"replies":[{"embeddable":true,"href":"https:\/\/www.ufla.br\/dcom\/wp-json\/wp\/v2\/comments?post=140167"}],"version-history":[{"count":1,"href":"https:\/\/www.ufla.br\/dcom\/wp-json\/wp\/v2\/posts\/140167\/revisions"}],"predecessor-version":[{"id":140169,"href":"https:\/\/www.ufla.br\/dcom\/wp-json\/wp\/v2\/posts\/140167\/revisions\/140169"}],"wp:attachment":[{"href":"https:\/\/www.ufla.br\/dcom\/wp-json\/wp\/v2\/media?parent=140167"}],"wp:term":[{"taxonomy":"category","embeddable":true,"href":"https:\/\/www.ufla.br\/dcom\/wp-json\/wp\/v2\/categories?post=140167"},{"taxonomy":"post_tag","embeddable":true,"href":"https:\/\/www.ufla.br\/dcom\/wp-json\/wp\/v2\/tags?post=140167"}],"curies":[{"name":"wp","href":"https:\/\/api.w.org\/{rel}","templated":true}]}}