{"id":140156,"date":"2017-09-05T11:11:07","date_gmt":"2017-09-05T14:11:07","guid":{"rendered":"http:\/\/www.ufla.br\/ascom\/?p=140156"},"modified":"2017-09-11T14:36:23","modified_gmt":"2017-09-11T17:36:23","slug":"ufla-na-midia-mundial-professoras-da-ufla-participam-de-video-institucional-da-organizacao-das-nacoes-unidas-para-a-alimentacao-e-agricultura","status":"publish","type":"post","link":"https:\/\/www.ufla.br\/dcom\/2017\/09\/05\/ufla-na-midia-mundial-professoras-da-ufla-participam-de-video-institucional-da-organizacao-das-nacoes-unidas-para-a-alimentacao-e-agricultura\/","title":{"rendered":"UFLA na m\u00eddia mundial: professoras participam de v\u00eddeo institucional da Organiza\u00e7\u00e3o das Na\u00e7\u00f5es Unidas para a Alimenta\u00e7\u00e3o e Agricultura"},"content":{"rendered":"<p><a href=\"http:\/\/www.ufla.br\/ascom\/wp-content\/uploads\/2017\/09\/Apresenta\u00e7\u00e3o1.jpg\"><img loading=\"lazy\" decoding=\"async\" class=\"alignleft wp-image-140157\" src=\"http:\/\/www.ufla.br\/ascom\/wp-content\/uploads\/2017\/09\/Apresenta\u00e7\u00e3o1-231x249.jpg\" alt=\"\" width=\"173\" height=\"186\" srcset=\"https:\/\/www.ufla.br\/dcom\/wp-content\/uploads\/2017\/09\/Apresenta\u00e7\u00e3o1-231x249.jpg 231w, https:\/\/www.ufla.br\/dcom\/wp-content\/uploads\/2017\/09\/Apresenta\u00e7\u00e3o1-612x661.jpg 612w, https:\/\/www.ufla.br\/dcom\/wp-content\/uploads\/2017\/09\/Apresenta\u00e7\u00e3o1-111x120.jpg 111w, https:\/\/www.ufla.br\/dcom\/wp-content\/uploads\/2017\/09\/Apresenta\u00e7\u00e3o1.jpg 667w\" sizes=\"auto, (max-width: 173px) 100vw, 173px\" \/><\/a>As professoras da Universidade Federal de Lavras (UFLA) Rosangela Alves Trist\u00e3o Bor\u00e9m, do Departamento de Biologia (DBI), e Ad\u00e9lia Aziz Alexandre Pozza, do Departamento de Ci\u00eancias do Solo (DCS), fazem parte de um projeto da Organiza\u00e7\u00e3o das Na\u00e7\u00f5es Unidas para a Alimenta\u00e7\u00e3o e Agricultura (FAO) que visa \u00e0 capacita\u00e7\u00e3o da popula\u00e7\u00e3o dos pa\u00edses da Am\u00e9rica Central e Rep\u00fablica Dominicana para responderem \u00e0 crise no setor cafeeiro, causada pela ferrugem do caf\u00e9 (<em>Hemileia vastatrix<\/em>) e evitar epidemias futuras.<\/p>\n<p><strong>Confira o v\u00eddeo elaborado como um dos produtos desse trabalho, que foi veiculado pela FAO na m\u00eddia mundial com a presen\u00e7a das professoras da UFLA:<\/strong><\/p>\n<p><iframe loading=\"lazy\" title=\"Agroecolog\u00eda para la producci\u00f3n de caf\u00e9: una alternativa sostenible para la agricultura familiar\" width=\"474\" height=\"267\" src=\"https:\/\/www.youtube.com\/embed\/3h3pWiIn3yY?feature=oembed\" frameborder=\"0\" allow=\"accelerometer; autoplay; clipboard-write; encrypted-media; gyroscope; picture-in-picture; web-share\" referrerpolicy=\"strict-origin-when-cross-origin\" allowfullscreen><\/iframe><\/p>\n<div style=\"text-align: left;\">&nbsp;O projeto da FAO tem como argumento o compartilhamento de conhecimentos e tecnologias capazes de combater a ferrugem do cafeeiro, apresentada como uma das piores doen\u00e7as que atingem a produ\u00e7\u00e3o mundial de caf\u00e9, trazendo s\u00e9rias consequ\u00eancias econ\u00f4micas, sociais e ambientais para diferentes grupos de produtores, em especial, para os sistemas familiares, ainda mais vulner\u00e1veis por dependerem muitas vezes exclusivamente da produ\u00e7\u00e3o de caf\u00e9 para sua sobreviv\u00eancia.<\/div>\n<p>Nesse sentido, a agroecologia \u00e9 apresentada como ci\u00eancia aplicada que inclui a perspectiva da agronomia, gen\u00e9tica, ci\u00eancia do solo, biodiversidade (microbiana, vegetal e animal), fatores e elementos clim\u00e1ticos; al\u00e9m das rela\u00e7\u00f5es entre as dimens\u00f5es culturais, ecol\u00f3gicos, econ\u00f4micos, sociais e pol\u00edticas.<\/p>\n<p>As professoras participam dessa maneira, de uma rede multidisciplinar de pesquisadores convidados para propagar o conceito de uma agricultura mais sustent\u00e1vel e eficiente, sobretudo, com o advento das mudan\u00e7as clim\u00e1ticas. Os semin\u00e1rios promovem o interc\u00e2mbio de informa\u00e7\u00f5es sobre a agroecologia aplicada ao caf\u00e9, com foco nos pa\u00edses mais afetados pela ferrugem.<\/p>\n<p>&nbsp;<\/p>\n","protected":false},"excerpt":{"rendered":"<p>As professoras da Universidade Federal de Lavras (UFLA) Rosangela Alves Trist\u00e3o Bor\u00e9m, do Departamento de Biologia (DBI), e Ad\u00e9lia Aziz Alexandre Pozza, do Departamento de Ci\u00eancias do Solo (DCS), fazem parte de um projeto da Organiza\u00e7\u00e3o das Na\u00e7\u00f5es Unidas para a Alimenta\u00e7\u00e3o e Agricultura (FAO) que visa \u00e0 capacita\u00e7\u00e3o da popula\u00e7\u00e3o dos pa\u00edses da Am\u00e9rica &hellip; <a href=\"https:\/\/www.ufla.br\/dcom\/2017\/09\/05\/ufla-na-midia-mundial-professoras-da-ufla-participam-de-video-institucional-da-organizacao-das-nacoes-unidas-para-a-alimentacao-e-agricultura\/\" class=\"more-link\">Continue lendo <span class=\"screen-reader-text\">UFLA na m\u00eddia mundial: professoras participam de v\u00eddeo institucional da Organiza\u00e7\u00e3o das Na\u00e7\u00f5es Unidas para a Alimenta\u00e7\u00e3o e Agricultura<\/span> <span class=\"meta-nav\">&rarr;<\/span><\/a><\/p>\n","protected":false},"author":32,"featured_media":0,"comment_status":"closed","ping_status":"closed","sticky":false,"template":"","format":"standard","meta":{"ngg_post_thumbnail":0,"footnotes":""},"categories":[1,10],"tags":[],"class_list":["post-140156","post","type-post","status-publish","format-standard","hentry","category-noticias","category-menores"],"_links":{"self":[{"href":"https:\/\/www.ufla.br\/dcom\/wp-json\/wp\/v2\/posts\/140156","targetHints":{"allow":["GET"]}}],"collection":[{"href":"https:\/\/www.ufla.br\/dcom\/wp-json\/wp\/v2\/posts"}],"about":[{"href":"https:\/\/www.ufla.br\/dcom\/wp-json\/wp\/v2\/types\/post"}],"author":[{"embeddable":true,"href":"https:\/\/www.ufla.br\/dcom\/wp-json\/wp\/v2\/users\/32"}],"replies":[{"embeddable":true,"href":"https:\/\/www.ufla.br\/dcom\/wp-json\/wp\/v2\/comments?post=140156"}],"version-history":[{"count":4,"href":"https:\/\/www.ufla.br\/dcom\/wp-json\/wp\/v2\/posts\/140156\/revisions"}],"predecessor-version":[{"id":140161,"href":"https:\/\/www.ufla.br\/dcom\/wp-json\/wp\/v2\/posts\/140156\/revisions\/140161"}],"wp:attachment":[{"href":"https:\/\/www.ufla.br\/dcom\/wp-json\/wp\/v2\/media?parent=140156"}],"wp:term":[{"taxonomy":"category","embeddable":true,"href":"https:\/\/www.ufla.br\/dcom\/wp-json\/wp\/v2\/categories?post=140156"},{"taxonomy":"post_tag","embeddable":true,"href":"https:\/\/www.ufla.br\/dcom\/wp-json\/wp\/v2\/tags?post=140156"}],"curies":[{"name":"wp","href":"https:\/\/api.w.org\/{rel}","templated":true}]}}