{"id":140152,"date":"2017-09-05T09:22:51","date_gmt":"2017-09-05T12:22:51","guid":{"rendered":"http:\/\/www.ufla.br\/ascom\/?p=140152"},"modified":"2017-09-11T14:36:17","modified_gmt":"2017-09-11T17:36:17","slug":"ufla-realizou-x-curso-teorico-pratico-de-capacitacao-de-analistas-de-sementes","status":"publish","type":"post","link":"https:\/\/www.ufla.br\/dcom\/2017\/09\/05\/ufla-realizou-x-curso-teorico-pratico-de-capacitacao-de-analistas-de-sementes\/","title":{"rendered":"UFLA realizou X Curso Te\u00f3rico-Pr\u00e1tico de Capacita\u00e7\u00e3o de Analistas De Sementes"},"content":{"rendered":"<p><a href=\"http:\/\/www.ufla.br\/ascom\/wp-content\/uploads\/2017\/09\/10-curso-analista-sementes.jpg\"><img loading=\"lazy\" decoding=\"async\" class=\"alignleft size-medium wp-image-140153\" src=\"http:\/\/www.ufla.br\/ascom\/wp-content\/uploads\/2017\/09\/10-curso-analista-sementes-249x172.jpg\" alt=\"\" width=\"249\" height=\"172\" srcset=\"https:\/\/www.ufla.br\/dcom\/wp-content\/uploads\/2017\/09\/10-curso-analista-sementes-249x172.jpg 249w, https:\/\/www.ufla.br\/dcom\/wp-content\/uploads\/2017\/09\/10-curso-analista-sementes-768x531.jpg 768w, https:\/\/www.ufla.br\/dcom\/wp-content\/uploads\/2017\/09\/10-curso-analista-sementes-612x423.jpg 612w, https:\/\/www.ufla.br\/dcom\/wp-content\/uploads\/2017\/09\/10-curso-analista-sementes-120x83.jpg 120w, https:\/\/www.ufla.br\/dcom\/wp-content\/uploads\/2017\/09\/10-curso-analista-sementes.jpg 1185w\" sizes=\"auto, (max-width: 249px) 100vw, 249px\" \/><\/a>O X Curso Te\u00f3rico-Pr\u00e1tico de Capacita\u00e7\u00e3o de Analistas De Sementes foi encerrado no dia 1\u00ba de setembro, na UFLA. Cerca de 30 profissionais participaram da capacita\u00e7\u00e3o, realizada desde 28 de agosto, no Setor de Sementes do Departamento de Agricultura da UFLA (DAG).<\/p>\n<p>Esse curso visa \u00e0 capacita\u00e7\u00e3o de analistas para avalia\u00e7\u00e3o da qualidade das sementes de grandes culturas (como algod\u00e3o, aveia, girassol, milho, soja e sorgo). A an\u00e1lise investiga a qualidade ao longo de todo processo produtivo.<\/p>\n<p>Em sua 10\u00aa edi\u00e7\u00e3o, as palestras e pr\u00e1ticas foram ministradas pelos professores\/pesquisadores: Maria Laene Carvalho, Gabriel Guimar\u00e3es, Luciana Aparecida de Souza Abreu, Jo\u00e3o Almir de Oliveira, Carla Caldeira, Elizabeth Rosemeire Marques, Valquira de Jesus, Diego Pereira e Myrian Leal Alvisi (Minist\u00e9rio da Agricultura) e Dayliane de Andrade.<\/p>\n<p>O curso, que ocorreu no Setor de Sementes, \u00e9 certificado pela UFLA e Associa\u00e7\u00e3o Brasileira de Tecnologia de Sementes (<a href=\"http:\/\/www.abrates.org.br\/\">Abrates<\/a>), e contou com o apoio do Minist\u00e9rio da Agricultura Pecu\u00e1ria e Abastecimento (<a href=\"http:\/\/www.agricultura.gov.br\/\">Mapa<\/a>). A organiza\u00e7\u00e3o \u00e9 feita pelo N\u00facleo de Estudos em Sementes (<a href=\"https:\/\/www.facebook.com\/nucleodeestudosemsementes?fref=ts\">NESem<\/a>) da UFLA.<\/p>\n<p>&nbsp;<\/p>\n","protected":false},"excerpt":{"rendered":"<p>O X Curso Te\u00f3rico-Pr\u00e1tico de Capacita\u00e7\u00e3o de Analistas De Sementes foi encerrado no dia 1\u00ba de setembro, na UFLA. Cerca de 30 profissionais participaram da capacita\u00e7\u00e3o, realizada desde 28 de agosto, no Setor de Sementes do Departamento de Agricultura da UFLA (DAG). Esse curso visa \u00e0 capacita\u00e7\u00e3o de analistas para avalia\u00e7\u00e3o da qualidade das sementes &hellip; <a href=\"https:\/\/www.ufla.br\/dcom\/2017\/09\/05\/ufla-realizou-x-curso-teorico-pratico-de-capacitacao-de-analistas-de-sementes\/\" class=\"more-link\">Continue lendo <span class=\"screen-reader-text\">UFLA realizou X Curso Te\u00f3rico-Pr\u00e1tico de Capacita\u00e7\u00e3o de Analistas De Sementes<\/span> <span class=\"meta-nav\">&rarr;<\/span><\/a><\/p>\n","protected":false},"author":27,"featured_media":0,"comment_status":"closed","ping_status":"closed","sticky":false,"template":"","format":"standard","meta":{"ngg_post_thumbnail":0,"footnotes":""},"categories":[1,10],"tags":[317,316],"class_list":["post-140152","post","type-post","status-publish","format-standard","hentry","category-noticias","category-menores","tag-agricultura","tag-sementes"],"_links":{"self":[{"href":"https:\/\/www.ufla.br\/dcom\/wp-json\/wp\/v2\/posts\/140152","targetHints":{"allow":["GET"]}}],"collection":[{"href":"https:\/\/www.ufla.br\/dcom\/wp-json\/wp\/v2\/posts"}],"about":[{"href":"https:\/\/www.ufla.br\/dcom\/wp-json\/wp\/v2\/types\/post"}],"author":[{"embeddable":true,"href":"https:\/\/www.ufla.br\/dcom\/wp-json\/wp\/v2\/users\/27"}],"replies":[{"embeddable":true,"href":"https:\/\/www.ufla.br\/dcom\/wp-json\/wp\/v2\/comments?post=140152"}],"version-history":[{"count":1,"href":"https:\/\/www.ufla.br\/dcom\/wp-json\/wp\/v2\/posts\/140152\/revisions"}],"predecessor-version":[{"id":140154,"href":"https:\/\/www.ufla.br\/dcom\/wp-json\/wp\/v2\/posts\/140152\/revisions\/140154"}],"wp:attachment":[{"href":"https:\/\/www.ufla.br\/dcom\/wp-json\/wp\/v2\/media?parent=140152"}],"wp:term":[{"taxonomy":"category","embeddable":true,"href":"https:\/\/www.ufla.br\/dcom\/wp-json\/wp\/v2\/categories?post=140152"},{"taxonomy":"post_tag","embeddable":true,"href":"https:\/\/www.ufla.br\/dcom\/wp-json\/wp\/v2\/tags?post=140152"}],"curies":[{"name":"wp","href":"https:\/\/api.w.org\/{rel}","templated":true}]}}