{"id":140129,"date":"2017-09-04T17:57:51","date_gmt":"2017-09-04T20:57:51","guid":{"rendered":"http:\/\/www.ufla.br\/ascom\/?p=140129"},"modified":"2017-09-07T16:48:51","modified_gmt":"2017-09-07T19:48:51","slug":"em-comemoracao-ao-aniversario-da-ufla-ii-caminhada-da-semana-de-ciencia-cultura-e-arte-sera-realizada-nesta-quinta-feira-79","status":"publish","type":"post","link":"https:\/\/www.ufla.br\/dcom\/2017\/09\/04\/em-comemoracao-ao-aniversario-da-ufla-ii-caminhada-da-semana-de-ciencia-cultura-e-arte-sera-realizada-nesta-quinta-feira-79\/","title":{"rendered":"Em comemora\u00e7\u00e3o ao anivers\u00e1rio da UFLA, II Caminhada da Semana de Ci\u00eancia, Cultura e Arte ser\u00e1 realizada nesta quinta-feira (7\/9)"},"content":{"rendered":"<p><a href=\"http:\/\/www.ufla.br\/ascom\/wp-content\/uploads\/2017\/09\/Caminhada-2.png\"><img loading=\"lazy\" decoding=\"async\" class=\"alignleft size-medium wp-image-140137\" src=\"http:\/\/www.ufla.br\/ascom\/wp-content\/uploads\/2017\/09\/Caminhada-2-249x176.png\" alt=\"\" width=\"249\" height=\"176\" srcset=\"https:\/\/www.ufla.br\/dcom\/wp-content\/uploads\/2017\/09\/Caminhada-2-249x176.png 249w, https:\/\/www.ufla.br\/dcom\/wp-content\/uploads\/2017\/09\/Caminhada-2-768x544.png 768w, https:\/\/www.ufla.br\/dcom\/wp-content\/uploads\/2017\/09\/Caminhada-2-612x433.png 612w, https:\/\/www.ufla.br\/dcom\/wp-content\/uploads\/2017\/09\/Caminhada-2-120x85.png 120w\" sizes=\"auto, (max-width: 249px) 100vw, 249px\" \/><\/a>Em comemora\u00e7\u00e3o aos 109 anos da Universidade Federal de Lavras (UFLA), a Coordenadoria de Esportes e Lazer, por meio da Pr\u00f3-Reitoria de Assuntos Estudantis e Comunit\u00e1rios (<a href=\"http:\/\/www.praec.ufla.br\/site\/\" target=\"_blank\" rel=\"noopener\">Praec<\/a>), organiza, pelo segundo ano consecutivo, a Caminhada da Semana de Ci\u00eancia, Cultura e Arte &#8211; Caminhada pela Vida. A a\u00e7\u00e3o ser\u00e1 realizada na pr\u00f3xima quinta-feira (7\/9) com in\u00edcio \u00e0s 9h no Centro de Conviv\u00eancia da Universidade.<\/p>\n<p>O evento \u00e9 aberto \u00e0s pessoas de todas as idades, de Lavras e regi\u00e3o. A Praec solicita aos participantes a doa\u00e7\u00e3o de 1 kg de alimento n\u00e3o perec\u00edvel, que ser\u00e1 destinado \u00e0s institui\u00e7\u00f5es de caridade do munic\u00edpio.<\/p>\n<p>Os organizadores ressaltam a import\u00e2ncia dos participantes portarem garrafa d&#8217;\u00e1gua para hidrata\u00e7\u00e3o.&nbsp;<\/p>\n<p><a href=\"http:\/\/www.ufla.br\/ascom\/2016\/09\/09\/semana-de-ciencia-cultura-e-arte-cerca-de-200-pessoas-participaram-da-i-caminhada-ecologica-veja-fotos\/\" target=\"_blank\" rel=\"noopener\">Veja fotos da Caminhada da Semana de Ci\u00eancia, Cultura e Arte de 2016.<\/a><\/p>\n<h5>Panmela Oliveira- comunicadora e bolsista Dcom\/Fapemig<\/h5>\n","protected":false},"excerpt":{"rendered":"<p>Em comemora\u00e7\u00e3o aos 109 anos da Universidade Federal de Lavras (UFLA), a Coordenadoria de Esportes e Lazer, por meio da Pr\u00f3-Reitoria de Assuntos Estudantis e Comunit\u00e1rios (Praec), organiza, pelo segundo ano consecutivo, a Caminhada da Semana de Ci\u00eancia, Cultura e Arte &#8211; Caminhada pela Vida. A a\u00e7\u00e3o ser\u00e1 realizada na pr\u00f3xima quinta-feira (7\/9) com in\u00edcio &hellip; <a href=\"https:\/\/www.ufla.br\/dcom\/2017\/09\/04\/em-comemoracao-ao-aniversario-da-ufla-ii-caminhada-da-semana-de-ciencia-cultura-e-arte-sera-realizada-nesta-quinta-feira-79\/\" class=\"more-link\">Continue lendo <span class=\"screen-reader-text\">Em comemora\u00e7\u00e3o ao anivers\u00e1rio da UFLA, II Caminhada da Semana de Ci\u00eancia, Cultura e Arte ser\u00e1 realizada nesta quinta-feira (7\/9)<\/span> <span class=\"meta-nav\">&rarr;<\/span><\/a><\/p>\n","protected":false},"author":20,"featured_media":0,"comment_status":"closed","ping_status":"closed","sticky":false,"template":"","format":"standard","meta":{"ngg_post_thumbnail":0,"footnotes":""},"categories":[1],"tags":[1750,2007,1953],"class_list":["post-140129","post","type-post","status-publish","format-standard","hentry","category-noticias","tag-caminhada","tag-exercicio-fisico","tag-vida-saudavel"],"_links":{"self":[{"href":"https:\/\/www.ufla.br\/dcom\/wp-json\/wp\/v2\/posts\/140129","targetHints":{"allow":["GET"]}}],"collection":[{"href":"https:\/\/www.ufla.br\/dcom\/wp-json\/wp\/v2\/posts"}],"about":[{"href":"https:\/\/www.ufla.br\/dcom\/wp-json\/wp\/v2\/types\/post"}],"author":[{"embeddable":true,"href":"https:\/\/www.ufla.br\/dcom\/wp-json\/wp\/v2\/users\/20"}],"replies":[{"embeddable":true,"href":"https:\/\/www.ufla.br\/dcom\/wp-json\/wp\/v2\/comments?post=140129"}],"version-history":[{"count":7,"href":"https:\/\/www.ufla.br\/dcom\/wp-json\/wp\/v2\/posts\/140129\/revisions"}],"predecessor-version":[{"id":140141,"href":"https:\/\/www.ufla.br\/dcom\/wp-json\/wp\/v2\/posts\/140129\/revisions\/140141"}],"wp:attachment":[{"href":"https:\/\/www.ufla.br\/dcom\/wp-json\/wp\/v2\/media?parent=140129"}],"wp:term":[{"taxonomy":"category","embeddable":true,"href":"https:\/\/www.ufla.br\/dcom\/wp-json\/wp\/v2\/categories?post=140129"},{"taxonomy":"post_tag","embeddable":true,"href":"https:\/\/www.ufla.br\/dcom\/wp-json\/wp\/v2\/tags?post=140129"}],"curies":[{"name":"wp","href":"https:\/\/api.w.org\/{rel}","templated":true}]}}