{"id":138826,"date":"2017-08-29T11:47:17","date_gmt":"2017-08-29T14:47:17","guid":{"rendered":"http:\/\/www.ufla.br\/ascom\/?p=138826"},"modified":"2017-08-29T11:47:17","modified_gmt":"2017-08-29T14:47:17","slug":"dicas-de-portugues-algumas-duvidas-frequentes-de-portugues","status":"publish","type":"post","link":"https:\/\/www.ufla.br\/dcom\/2017\/08\/29\/dicas-de-portugues-algumas-duvidas-frequentes-de-portugues\/","title":{"rendered":"Dicas de Portugu\u00eas: Algumas d\u00favidas frequentes de portugu\u00eas"},"content":{"rendered":"<p><strong>Cores compostas <\/strong><\/p>\n<p>Em cores compostas formadas por adjetivo + adjetivo, s\u00f3 o segundo elemento varia.<\/p>\n<p><strong>&#8211; Escreva:<\/strong> Roupas azul-claras, cadeiras verde-amareladas.<\/p>\n<p><strong>\u00a0&#8211; Exce\u00e7\u00f5es<\/strong>: azul-celeste e azul-marinho s\u00e3o invari\u00e1veis.<\/p>\n<p><strong>&#8211; N\u00e3o escreva:<\/strong> Roupas azul-marinhos, cadeiras azul-celestes.<\/p>\n<p>&nbsp;<\/p>\n<p><strong>Debaixo de X De baixo <\/strong><\/p>\n<p><strong>&#8220;Debaixo&#8221; <\/strong>\u00e9 sempre seguido da preposi\u00e7\u00e3o &#8220;de&#8221; e significa &#8220;sob&#8221;, contr\u00e1rio de &#8220;acima&#8221;.<\/p>\n<p>&#8220;<strong>De baixo&#8221;,<\/strong> separado, s\u00f3 pode ser usado em oposi\u00e7\u00e3o a &#8220;cima&#8221;.<\/p>\n<p><strong>\u00a0&#8211; Escreva:<\/strong> Escondeu-se debaixo da mesa.<\/p>\n<p>Enfiou-se debaixo das cobertas.<\/p>\n<p><strong>&#8211; N\u00e3o escreva: <\/strong>Come\u00e7ou a reforma debaixo para cima.<\/p>\n<p>O garoto saiu debaixo da cadeira.<\/p>\n<p>&nbsp;<\/p>\n<p><strong>Mais bem X Melhor<\/strong><\/p>\n<p>Antes de verbo no partic\u00edpio, o correto \u00e9 empregar &#8220;mais bem&#8221; em vez de &#8220;melhor&#8221;.<\/p>\n<p><strong>\u00a0&#8211; Escreva:<\/strong> Esta cena foi mais bem encenada do que a outra.<\/p>\n<p><strong>\u00a0&#8211; N\u00e3o escreva:<\/strong> Esta cena foi melhor encenada.<\/p>\n<p><strong>\u00a0<\/strong><\/p>\n<p><strong>O mesmo <\/strong><\/p>\n<p>\u00c9 incorreto o uso de &#8220;mesmo&#8221; e suas flex\u00f5es como substituto de pronome ou substantivo.<\/p>\n<p><strong>&#8211; Escreva<\/strong>: Vi seus irm\u00e3os. Eles me pediram um conselho.<\/p>\n<p>Fomos ao teatro no s\u00e1bado. Ele estava lotado.<\/p>\n<p><strong>\u00a0<\/strong><\/p>\n<p><strong>&#8211; N\u00e3o escreva<\/strong>: Vi seus irm\u00e3os. Os mesmos me pediram um conselho.<\/p>\n<p>Fomos ao teatro no s\u00e1bado, O mesmo estava lotado.<\/p>\n<p>&nbsp;<\/p>\n<p><strong>Fonte:<\/strong> https:\/\/vestibular.uol.com.br\/resumo-das-disciplinas\/portugues\/confira-as-duvidas-mais-comuns-de-portugues.htm\u00a0 (Com adapta\u00e7\u00f5es)<\/p>\n<p>&nbsp;<\/p>\n<p>Paulo Roberto Ribeiro<\/p>\n<p>DCOM- UFLA<\/p>\n","protected":false},"excerpt":{"rendered":"<p>Cores compostas Em cores compostas formadas por adjetivo + adjetivo, s\u00f3 o segundo elemento varia. &#8211; Escreva: Roupas azul-claras, cadeiras verde-amareladas. \u00a0&#8211; Exce\u00e7\u00f5es: azul-celeste e azul-marinho s\u00e3o invari\u00e1veis. &#8211; N\u00e3o escreva: Roupas azul-marinhos, cadeiras azul-celestes. &nbsp; Debaixo de X De baixo &#8220;Debaixo&#8221; \u00e9 sempre seguido da preposi\u00e7\u00e3o &#8220;de&#8221; e significa &#8220;sob&#8221;, contr\u00e1rio de &#8220;acima&#8221;. &#8220;De &hellip; <a href=\"https:\/\/www.ufla.br\/dcom\/2017\/08\/29\/dicas-de-portugues-algumas-duvidas-frequentes-de-portugues\/\" class=\"more-link\">Continue lendo <span class=\"screen-reader-text\">Dicas de Portugu\u00eas: Algumas d\u00favidas frequentes de portugu\u00eas<\/span> <span class=\"meta-nav\">&rarr;<\/span><\/a><\/p>\n","protected":false},"author":11,"featured_media":0,"comment_status":"closed","ping_status":"closed","sticky":false,"template":"","format":"standard","meta":{"ngg_post_thumbnail":0,"footnotes":""},"categories":[625,10],"tags":[661],"class_list":["post-138826","post","type-post","status-publish","format-standard","hentry","category-dicas-portugues","category-menores","tag-dicas-de-portugues"],"_links":{"self":[{"href":"https:\/\/www.ufla.br\/dcom\/wp-json\/wp\/v2\/posts\/138826","targetHints":{"allow":["GET"]}}],"collection":[{"href":"https:\/\/www.ufla.br\/dcom\/wp-json\/wp\/v2\/posts"}],"about":[{"href":"https:\/\/www.ufla.br\/dcom\/wp-json\/wp\/v2\/types\/post"}],"author":[{"embeddable":true,"href":"https:\/\/www.ufla.br\/dcom\/wp-json\/wp\/v2\/users\/11"}],"replies":[{"embeddable":true,"href":"https:\/\/www.ufla.br\/dcom\/wp-json\/wp\/v2\/comments?post=138826"}],"version-history":[{"count":1,"href":"https:\/\/www.ufla.br\/dcom\/wp-json\/wp\/v2\/posts\/138826\/revisions"}],"predecessor-version":[{"id":138827,"href":"https:\/\/www.ufla.br\/dcom\/wp-json\/wp\/v2\/posts\/138826\/revisions\/138827"}],"wp:attachment":[{"href":"https:\/\/www.ufla.br\/dcom\/wp-json\/wp\/v2\/media?parent=138826"}],"wp:term":[{"taxonomy":"category","embeddable":true,"href":"https:\/\/www.ufla.br\/dcom\/wp-json\/wp\/v2\/categories?post=138826"},{"taxonomy":"post_tag","embeddable":true,"href":"https:\/\/www.ufla.br\/dcom\/wp-json\/wp\/v2\/tags?post=138826"}],"curies":[{"name":"wp","href":"https:\/\/api.w.org\/{rel}","templated":true}]}}