{"id":138817,"date":"2017-08-29T11:28:45","date_gmt":"2017-08-29T14:28:45","guid":{"rendered":"http:\/\/www.ufla.br\/ascom\/?p=138817"},"modified":"2017-09-01T13:45:24","modified_gmt":"2017-09-01T16:45:24","slug":"inct-cafeufla-recebe-visita-de-pesquisadora-da-universidade-de-lisboa","status":"publish","type":"post","link":"https:\/\/www.ufla.br\/dcom\/2017\/08\/29\/inct-cafeufla-recebe-visita-de-pesquisadora-da-universidade-de-lisboa\/","title":{"rendered":"INCT Caf\u00e9\/UFLA recebe visita de pesquisadora da Universidade de Lisboa"},"content":{"rendered":"<figure id=\"attachment_138819\" aria-describedby=\"caption-attachment-138819\" style=\"width: 170px\" class=\"wp-caption alignleft\"><a href=\"http:\/\/www.ufla.br\/ascom\/wp-content\/uploads\/2017\/08\/IMG_4262.jpg\"><img loading=\"lazy\" decoding=\"async\" class=\" wp-image-138819\" src=\"http:\/\/www.ufla.br\/ascom\/wp-content\/uploads\/2017\/08\/IMG_4262-249x197.jpg\" alt=\"\" width=\"170\" height=\"135\" srcset=\"https:\/\/www.ufla.br\/dcom\/wp-content\/uploads\/2017\/08\/IMG_4262-249x197.jpg 249w, https:\/\/www.ufla.br\/dcom\/wp-content\/uploads\/2017\/08\/IMG_4262-120x95.jpg 120w, https:\/\/www.ufla.br\/dcom\/wp-content\/uploads\/2017\/08\/IMG_4262.jpg 606w\" sizes=\"auto, (max-width: 170px) 100vw, 170px\" \/><\/a><figcaption id=\"caption-attachment-138819\" class=\"wp-caption-text\">Professor Mario L\u00facio Vilela de Resende e pesquisadora portuguesa Leonor Castro Esteves Guerra Guimar\u00e3es<\/figcaption><\/figure>\n<p>Com intuito de aprimorar conhecimento t\u00e9cnico e cient\u00edfico, a pesquisadora portuguesa Leonor Castro Esteves Guerra Guimar\u00e3es, do Centro de Investiga\u00e7\u00e3o das Ferrugens do Cafeeiro (CIFC), atualmente uma unidade de pesquisa do Instituto Superior de Agronomia da Universidade de Lisboa, esteve durante tr\u00eas meses no Brasil a convite do Instituto Nacional de Ci\u00eancia e Tecnologia do Caf\u00e9 (INCT Caf\u00e9), com o apoio da Coordena\u00e7\u00e3o de Aperfei\u00e7oamento de Pessoal de N\u00edvel Superior (Capes).<\/p>\n<p>O per\u00edodo da visita foi dividido entre a Universidade Federal de Lavras (UFLA) e Universidade Federal de Vi\u00e7osa (UFV), com atividades desde co-orienta\u00e7\u00e3o de alunos, participa\u00e7\u00e3o em banca de tese, semin\u00e1rios e cursos de an\u00e1lise prote\u00f4mica. Participou tamb\u00e9m do 50\u00ba Congresso Brasileiro de Fitopatologia, a convite do professor do Departamento de Fitopatologia (DFP\/UFLA) Mario L\u00facio Vilela de Resende, coordenador do Painel sobre Intera\u00e7\u00e3o Pat\u00f3geno-Hospedeiro: Efetores, Elicitores e Respostas Induzidas, palestrando sobre \u201cAbordagem prote\u00f4mica para estudar a indu\u00e7\u00e3o de resist\u00eancia em plantas: o caso do cafeeiro\u201d &nbsp;&nbsp;&nbsp;&nbsp;&nbsp;&nbsp;&nbsp;&nbsp;&nbsp;&nbsp;&nbsp;&nbsp;&nbsp;&nbsp;&nbsp;<\/p>\n<p>Na UFLA, o curso de Prote\u00f4mica que decorreu entre os dias 14 e 17 de agosto, teve a ades\u00e3o de 35 participantes da comunidade acad\u00eamica. A pesquisadora ressalta que a an\u00e1lise prote\u00f4mica tem demonstrado um grande potencial na caracteriza\u00e7\u00e3o funcional dos genes. O estudo da diversidade biol\u00f3gica e fisico-qu\u00edmica das prote\u00ednas presentes num proteoma s\u00f3 pode ser realizado por equipes experientes de modo a tirar partido dos \u00faltimos avan\u00e7os tecnol\u00f3gicos. A an\u00e1lise prote\u00f4mica, como outras \u00f4micas, s\u00e3o t\u00e9cnicas pouco convencionais que necessitam de ser divulgadas junto aos alunos, proporcionando o seu conhecimento e potencialidades. &nbsp;&nbsp; &nbsp;&nbsp;&nbsp;&nbsp;&nbsp;&nbsp;&nbsp;&nbsp;&nbsp;&nbsp;&nbsp;&nbsp;&nbsp;&nbsp;&nbsp;<a href=\"http:\/\/www.ufla.br\/ascom\/wp-content\/uploads\/2017\/08\/P1050240.jpg\"><img loading=\"lazy\" decoding=\"async\" class=\" wp-image-138818 alignright\" src=\"http:\/\/www.ufla.br\/ascom\/wp-content\/uploads\/2017\/08\/P1050240-249x187.jpg\" alt=\"\" width=\"184\" height=\"138\" srcset=\"https:\/\/www.ufla.br\/dcom\/wp-content\/uploads\/2017\/08\/P1050240-249x187.jpg 249w, https:\/\/www.ufla.br\/dcom\/wp-content\/uploads\/2017\/08\/P1050240-768x576.jpg 768w, https:\/\/www.ufla.br\/dcom\/wp-content\/uploads\/2017\/08\/P1050240-612x459.jpg 612w, https:\/\/www.ufla.br\/dcom\/wp-content\/uploads\/2017\/08\/P1050240-120x90.jpg 120w\" sizes=\"auto, (max-width: 184px) 100vw, 184px\" \/><\/a><\/p>\n<p>A visita da pesquisadora se deve a uma parceria do INCT Caf\u00e9 com o CIFC. Desde a funda\u00e7\u00e3o (em 1955), o CIFC tem estabelecido uma rede de conex\u00e3o com mais de 40 pa\u00edses produtores de caf\u00e9 do mundo, incluindo o Brasil. Como resultado dessa intera\u00e7\u00e3o foi obtida uma larga experi\u00eancia com a cultura do cafeeiro e as doen\u00e7as que o atacam, notadamente a ferrugem. Al\u00e9m disso, a identifica\u00e7\u00e3o de ra\u00e7as de <em>Hemileia vastatrix<\/em> que ocorrem no Brasil tem sido realizada em colabora\u00e7\u00e3o com esse centro. V\u00e1rios estudantes de p\u00f3s-gradua\u00e7\u00e3o dos Departamentos de Fitopatologia da UFLA e UFV j\u00e1 completaram suas pesquisas no CIFC.<\/p>\n<p>As institui\u00e7\u00f5es integrantes do INCT Caf\u00e9 poder\u00e3o beneficiar das contribui\u00e7\u00f5es da equipe do CIFC do Instituto Superior de Agronomia da Universidade de Lisboa, com o qual foi assinado recentemente um protocolo de entendimento. Para mais informa\u00e7\u00f5es acesse o link: <a href=\"http:\/\/www.isa.ulisboa.pt\/cifc\/apresentacao\">http:\/\/www.isa.ulisboa.pt\/cifc\/apresentacao<\/a>. &nbsp; &nbsp;<\/p>\n<p><strong>INCT Caf\u00e9 &nbsp;&nbsp;&nbsp;&nbsp;&nbsp;&nbsp;&nbsp;&nbsp;&nbsp;&nbsp;&nbsp;<\/strong>&nbsp;&nbsp;&nbsp;&nbsp;<\/p>\n<p>O Instituto Nacional de Ci\u00eancia e Tecnologia do Caf\u00e9 \u00e9 uma iniciativa do Conselho Nacional de Desenvolvimento Cient\u00edfico e Tecnol\u00f3gico (CNPq) e da Funda\u00e7\u00e3o de Amparo \u00e0 Pesquisa do Estado de Minas Gerais (Fapemig) e faz parte de um dos maiores programas de Ci\u00eancia e Tecnologia do Brasil. A rede de pesquisa tem por objetivo aprimorar as pr\u00e1ticas de produ\u00e7\u00e3o cafeeira por meio de tecnologias sustent\u00e1veis, desenvolvimento de modelos adaptados aos sistemas especializados de produ\u00e7\u00e3o, melhoria da qualidade e competitividade da cadeia produtiva do caf\u00e9. Tem sua sede localizada na Ag\u00eancia de Inova\u00e7\u00e3o do Caf\u00e9 \u2013 InovaCaf\u00e9. Para mais informa\u00e7\u00f5es acesse o link: <a href=\"http:\/\/www.inctcafe.ufla.br\">http:\/\/www.inctcafe.ufla.br<\/a>. &nbsp;<\/p>\n<p><strong>Ascom InovaCaf\u00e9&nbsp;<\/strong><\/p>\n","protected":false},"excerpt":{"rendered":"<p>Com intuito de aprimorar conhecimento t\u00e9cnico e cient\u00edfico, a pesquisadora portuguesa Leonor Castro Esteves Guerra Guimar\u00e3es, do Centro de Investiga\u00e7\u00e3o das Ferrugens do Cafeeiro (CIFC), atualmente uma unidade de pesquisa do Instituto Superior de Agronomia da Universidade de Lisboa, esteve durante tr\u00eas meses no Brasil a convite do Instituto Nacional de Ci\u00eancia e Tecnologia do &hellip; <a href=\"https:\/\/www.ufla.br\/dcom\/2017\/08\/29\/inct-cafeufla-recebe-visita-de-pesquisadora-da-universidade-de-lisboa\/\" class=\"more-link\">Continue lendo <span class=\"screen-reader-text\">INCT Caf\u00e9\/UFLA recebe visita de pesquisadora da Universidade de Lisboa<\/span> <span class=\"meta-nav\">&rarr;<\/span><\/a><\/p>\n","protected":false},"author":32,"featured_media":0,"comment_status":"closed","ping_status":"closed","sticky":false,"template":"","format":"standard","meta":{"ngg_post_thumbnail":0,"footnotes":""},"categories":[1,10],"tags":[],"class_list":["post-138817","post","type-post","status-publish","format-standard","hentry","category-noticias","category-menores"],"_links":{"self":[{"href":"https:\/\/www.ufla.br\/dcom\/wp-json\/wp\/v2\/posts\/138817","targetHints":{"allow":["GET"]}}],"collection":[{"href":"https:\/\/www.ufla.br\/dcom\/wp-json\/wp\/v2\/posts"}],"about":[{"href":"https:\/\/www.ufla.br\/dcom\/wp-json\/wp\/v2\/types\/post"}],"author":[{"embeddable":true,"href":"https:\/\/www.ufla.br\/dcom\/wp-json\/wp\/v2\/users\/32"}],"replies":[{"embeddable":true,"href":"https:\/\/www.ufla.br\/dcom\/wp-json\/wp\/v2\/comments?post=138817"}],"version-history":[{"count":2,"href":"https:\/\/www.ufla.br\/dcom\/wp-json\/wp\/v2\/posts\/138817\/revisions"}],"predecessor-version":[{"id":138821,"href":"https:\/\/www.ufla.br\/dcom\/wp-json\/wp\/v2\/posts\/138817\/revisions\/138821"}],"wp:attachment":[{"href":"https:\/\/www.ufla.br\/dcom\/wp-json\/wp\/v2\/media?parent=138817"}],"wp:term":[{"taxonomy":"category","embeddable":true,"href":"https:\/\/www.ufla.br\/dcom\/wp-json\/wp\/v2\/categories?post=138817"},{"taxonomy":"post_tag","embeddable":true,"href":"https:\/\/www.ufla.br\/dcom\/wp-json\/wp\/v2\/tags?post=138817"}],"curies":[{"name":"wp","href":"https:\/\/api.w.org\/{rel}","templated":true}]}}