{"id":13775,"date":"2012-09-05T10:15:38","date_gmt":"2012-09-05T12:15:38","guid":{"rendered":"http:\/\/www.ufla.br\/ascom\/?p=13775"},"modified":"2014-11-28T10:28:04","modified_gmt":"2014-11-28T12:28:04","slug":"centro-de-desenvolvimento-tecnologico-em-agropecuaria-da-ufla-inaugura-instalacoes","status":"publish","type":"post","link":"https:\/\/www.ufla.br\/dcom\/2012\/09\/05\/centro-de-desenvolvimento-tecnologico-em-agropecuaria-da-ufla-inaugura-instalacoes\/","title":{"rendered":"Centro de Desenvolvimento Tecnol\u00f3gico em Agropecu\u00e1ria da UFLA inaugura instala\u00e7\u00f5es"},"content":{"rendered":"<h6>Cibele Aguiar<\/h6>\n<p><a href=\"http:\/\/www.ufla.br\/ascom\/wp-content\/uploads\/2012\/09\/04.09-muquem.jpg\"><img loading=\"lazy\" decoding=\"async\" class=\"alignright size-medium wp-image-13776\" title=\"04.09 muquem\" src=\"http:\/\/www.ufla.br\/ascom\/wp-content\/uploads\/2012\/09\/04.09-muquem-249x186.jpg\" alt=\"\" width=\"249\" height=\"186\" srcset=\"https:\/\/www.ufla.br\/dcom\/wp-content\/uploads\/2012\/09\/04.09-muquem-249x186.jpg 249w, https:\/\/www.ufla.br\/dcom\/wp-content\/uploads\/2012\/09\/04.09-muquem-1024x768.jpg 1024w, https:\/\/www.ufla.br\/dcom\/wp-content\/uploads\/2012\/09\/04.09-muquem.jpg 2048w\" sizes=\"auto, (max-width: 249px) 100vw, 249px\" \/><\/a>Na segunda-feira (3), a Esta\u00e7\u00e3o Experimental da Universidade Federal de Lavras (UFLA) \u2013 Fazenda Muqu\u00e9m, recebeu gestores, professores e estudantes para a inaugura\u00e7\u00e3o das instala\u00e7\u00f5es do Centro de Desenvolvimento Tecnol\u00f3gico em Agropecu\u00e1ria. Com recursos da Financiadora de Estudos e Projetos (Finep\/CT-Infra), a Universidade buscou estruturar a fazenda com benfeitorias e equipamentos agr\u00edcolas que dar\u00e3o suporte ao desenvolvimento de atividades de ensino, pesquisa e extens\u00e3o.<\/p>\n<p>No depoimento do reitor, professor Jos\u00e9 Roberto Scolforo, a import\u00e2ncia de dar continuidade ao importante projeto de estruturar os centros experimentais, tendo em vista o crescimento substancial na \u00e1rea de pesquisa e ensino no c\u00e2mpus da UFLA e com a demarca\u00e7\u00e3o de novas avenidas e constru\u00e7\u00f5es. \u00a0Segundo ele, a estrutura\u00e7\u00e3o do Centro de Desenvolvimento Tecnol\u00f3gico em Agropecu\u00e1ria dever\u00e1 contribuir para a gera\u00e7\u00e3o de conhecimentos e tecnologias e para a manuten\u00e7\u00e3o da UFLA como refer\u00eancia em Ci\u00eancias Agr\u00e1rias no Estado e Pa\u00eds, com reflexos positivos para a qualidade de vida da sociedade.<\/p>\n<figure id=\"attachment_13778\" aria-describedby=\"caption-attachment-13778\" style=\"width: 249px\" class=\"wp-caption alignleft\"><a href=\"http:\/\/www.ufla.br\/ascom\/wp-content\/uploads\/2012\/09\/DSC03354.jpg\"><img loading=\"lazy\" decoding=\"async\" class=\"size-medium wp-image-13778\" title=\"DSC03354\" src=\"http:\/\/www.ufla.br\/ascom\/wp-content\/uploads\/2012\/09\/DSC03354-249x186.jpg\" alt=\"\" width=\"249\" height=\"186\" srcset=\"https:\/\/www.ufla.br\/dcom\/wp-content\/uploads\/2012\/09\/DSC03354-249x186.jpg 249w, https:\/\/www.ufla.br\/dcom\/wp-content\/uploads\/2012\/09\/DSC03354-1024x768.jpg 1024w, https:\/\/www.ufla.br\/dcom\/wp-content\/uploads\/2012\/09\/DSC03354.jpg 2048w\" sizes=\"auto, (max-width: 249px) 100vw, 249px\" \/><\/a><figcaption id=\"caption-attachment-13778\" class=\"wp-caption-text\">Professor Magno Ramalho com os estudantes: pesquisa no campo para uma  forma\u00e7\u00e3o plena<\/figcaption><\/figure>\n<p>Para o professor do Departamento de Biologia, Magno Ant\u00f4nio Patto Ramalho, a estrutura\u00e7\u00e3o do centro experimental \u00e9 um sonho antigo, que refor\u00e7a a import\u00e2ncia da Universidade na forma\u00e7\u00e3o de novos pesquisadores e profissionais, com a oportunidade de aliar a teoria \u00e0 pr\u00e1tica em experimentos de ponta, com mecaniza\u00e7\u00e3o compat\u00edvel com as exig\u00eancias do agroneg\u00f3cio brasileiro em constante expans\u00e3o.<\/p>\n<p>Defensora e coordenadora do projeto de estrutura\u00e7\u00e3o do Centro de Desenvolvimento Tecnol\u00f3gico em Agropecu\u00e1ria, a vice-reitora, professor \u00c9dila Vilela de von Pinho \u00a0refor\u00e7ou a estrutura\u00e7\u00e3o dos campos experimentais como uma das prioridades para alavancar a qualidade dos cursos de gradua\u00e7\u00e3o e, em especial, de p\u00f3s-gradua\u00e7\u00e3o. Segundo ela, as diversas disserta\u00e7\u00f5es, teses e cultivares geradas nas fazendas da UFLA s\u00e3o um orgulho para a Institui\u00e7\u00e3o, com grande potencial de crescimento a partir das novas benfeitorias e equipamentos. \u00a0<\/p>\n<p>O uso coletivo da \u00e1rea, benfeitorias e equipamentos, integrando diferentes \u00e1reas do conhecimento, foi um dos pontos destacados pelo pr\u00f3-reitor de Pesquisa, professor Jos\u00e9 Maria de Lima, refor\u00e7ando que a sociedade ser\u00e1 diretamente beneficiada por este investimento.<\/p>\n<p>O assessor para Rela\u00e7\u00f5es Institucionais, professor Ant\u00f4nio Nazareno Guimar\u00e3es Mendes, tamb\u00e9m enfatizou a aquisi\u00e7\u00e3o estrat\u00e9gica das fazendas experimentais, pela proximidade do c\u00e2mpus da Universidade, forma\u00e7\u00e3o plena dos futuros profissionais e gera\u00e7\u00e3o de novas tecnologias.<\/p>\nngg_shortcode_0_placeholder\n<p>&nbsp;<\/p>\n<p>&nbsp;<\/p>\n","protected":false},"excerpt":{"rendered":"<p>Na segunda-feira (3), a Esta\u00e7\u00e3o Experimental da UFLA \u2013 Fazenda Muqu\u00e9m, recebeu gestores, professores e estudantes para a inaugura\u00e7\u00e3o das instala\u00e7\u00f5es do (&#8230;)<\/p>\n","protected":false},"author":6,"featured_media":0,"comment_status":"closed","ping_status":"closed","sticky":false,"template":"","format":"standard","meta":{"ngg_post_thumbnail":0,"footnotes":""},"categories":[1],"tags":[500,473],"class_list":["post-13775","post","type-post","status-publish","format-standard","hentry","category-noticias","tag-inauguracoes","tag-semana-esaliana"],"_links":{"self":[{"href":"https:\/\/www.ufla.br\/dcom\/wp-json\/wp\/v2\/posts\/13775","targetHints":{"allow":["GET"]}}],"collection":[{"href":"https:\/\/www.ufla.br\/dcom\/wp-json\/wp\/v2\/posts"}],"about":[{"href":"https:\/\/www.ufla.br\/dcom\/wp-json\/wp\/v2\/types\/post"}],"author":[{"embeddable":true,"href":"https:\/\/www.ufla.br\/dcom\/wp-json\/wp\/v2\/users\/6"}],"replies":[{"embeddable":true,"href":"https:\/\/www.ufla.br\/dcom\/wp-json\/wp\/v2\/comments?post=13775"}],"version-history":[{"count":4,"href":"https:\/\/www.ufla.br\/dcom\/wp-json\/wp\/v2\/posts\/13775\/revisions"}],"predecessor-version":[{"id":74635,"href":"https:\/\/www.ufla.br\/dcom\/wp-json\/wp\/v2\/posts\/13775\/revisions\/74635"}],"wp:attachment":[{"href":"https:\/\/www.ufla.br\/dcom\/wp-json\/wp\/v2\/media?parent=13775"}],"wp:term":[{"taxonomy":"category","embeddable":true,"href":"https:\/\/www.ufla.br\/dcom\/wp-json\/wp\/v2\/categories?post=13775"},{"taxonomy":"post_tag","embeddable":true,"href":"https:\/\/www.ufla.br\/dcom\/wp-json\/wp\/v2\/tags?post=13775"}],"curies":[{"name":"wp","href":"https:\/\/api.w.org\/{rel}","templated":true}]}}