{"id":136365,"date":"2017-08-03T11:02:45","date_gmt":"2017-08-03T14:02:45","guid":{"rendered":"http:\/\/www.ufla.br\/ascom\/?p=136365"},"modified":"2017-08-07T12:48:51","modified_gmt":"2017-08-07T15:48:51","slug":"campus-da-ufla-tera-corte-de-energia-no-dia-128","status":"publish","type":"post","link":"https:\/\/www.ufla.br\/dcom\/2017\/08\/03\/campus-da-ufla-tera-corte-de-energia-no-dia-128\/","title":{"rendered":"C\u00e2mpus da UFLA ter\u00e1 corte de energia no dia 12\/8"},"content":{"rendered":"<p>&nbsp;A Pr\u00f3-Reitoria de Infraestrutura e Log\u00edstica (Proinfra) informa que dia 12\/8 haver\u00e1 corte de energia em todo c\u00e2mpus da Universidade Federal de Lavras (UFLA).<\/p>\n<p>Segundo a Proinfa, o motivo da interrup\u00e7\u00e3o do servi\u00e7o \u00e9 a realiza\u00e7\u00e3o de ajustes na rede alimentadora da Companhia Energ\u00e9tica de Minas Gerais (Cemig).<\/p>\n","protected":false},"excerpt":{"rendered":"<p>&nbsp;A Pr\u00f3-Reitoria de Infraestrutura e Log\u00edstica (Proinfra) informa que dia 12\/8 haver\u00e1 corte de energia em todo c\u00e2mpus da Universidade Federal de Lavras (UFLA). Segundo a Proinfa, o motivo da interrup\u00e7\u00e3o do servi\u00e7o \u00e9 a realiza\u00e7\u00e3o de ajustes na rede alimentadora da Companhia Energ\u00e9tica de Minas Gerais (Cemig).<\/p>\n","protected":false},"author":32,"featured_media":0,"comment_status":"closed","ping_status":"closed","sticky":false,"template":"","format":"standard","meta":{"ngg_post_thumbnail":0,"footnotes":""},"categories":[1,10],"tags":[],"class_list":["post-136365","post","type-post","status-publish","format-standard","hentry","category-noticias","category-menores"],"_links":{"self":[{"href":"https:\/\/www.ufla.br\/dcom\/wp-json\/wp\/v2\/posts\/136365","targetHints":{"allow":["GET"]}}],"collection":[{"href":"https:\/\/www.ufla.br\/dcom\/wp-json\/wp\/v2\/posts"}],"about":[{"href":"https:\/\/www.ufla.br\/dcom\/wp-json\/wp\/v2\/types\/post"}],"author":[{"embeddable":true,"href":"https:\/\/www.ufla.br\/dcom\/wp-json\/wp\/v2\/users\/32"}],"replies":[{"embeddable":true,"href":"https:\/\/www.ufla.br\/dcom\/wp-json\/wp\/v2\/comments?post=136365"}],"version-history":[{"count":1,"href":"https:\/\/www.ufla.br\/dcom\/wp-json\/wp\/v2\/posts\/136365\/revisions"}],"predecessor-version":[{"id":136366,"href":"https:\/\/www.ufla.br\/dcom\/wp-json\/wp\/v2\/posts\/136365\/revisions\/136366"}],"wp:attachment":[{"href":"https:\/\/www.ufla.br\/dcom\/wp-json\/wp\/v2\/media?parent=136365"}],"wp:term":[{"taxonomy":"category","embeddable":true,"href":"https:\/\/www.ufla.br\/dcom\/wp-json\/wp\/v2\/categories?post=136365"},{"taxonomy":"post_tag","embeddable":true,"href":"https:\/\/www.ufla.br\/dcom\/wp-json\/wp\/v2\/tags?post=136365"}],"curies":[{"name":"wp","href":"https:\/\/api.w.org\/{rel}","templated":true}]}}