{"id":136322,"date":"2017-08-02T17:29:48","date_gmt":"2017-08-02T20:29:48","guid":{"rendered":"http:\/\/www.ufla.br\/ascom\/?p=136322"},"modified":"2017-09-06T08:01:48","modified_gmt":"2017-09-06T11:01:48","slug":"inscricoes-abertas-para-cursos-de-mestrado-e-doutorado-na-ufla","status":"publish","type":"post","link":"https:\/\/www.ufla.br\/dcom\/2017\/08\/02\/inscricoes-abertas-para-cursos-de-mestrado-e-doutorado-na-ufla\/","title":{"rendered":"Inscri\u00e7\u00f5es abertas para cursos de Mestrado e Doutorado na UFLA"},"content":{"rendered":"<p><a href=\"http:\/\/www.ufla.br\/ascom\/wp-content\/uploads\/2016\/12\/pos-graduacao-saude.jpg\"><img loading=\"lazy\" decoding=\"async\" class=\"alignleft size-medium wp-image-126636\" src=\"http:\/\/www.ufla.br\/ascom\/wp-content\/uploads\/2016\/12\/pos-graduacao-saude-249x157.jpg\" alt=\"\" width=\"249\" height=\"157\" srcset=\"https:\/\/www.ufla.br\/dcom\/wp-content\/uploads\/2016\/12\/pos-graduacao-saude-249x157.jpg 249w, https:\/\/www.ufla.br\/dcom\/wp-content\/uploads\/2016\/12\/pos-graduacao-saude-768x486.jpg 768w, https:\/\/www.ufla.br\/dcom\/wp-content\/uploads\/2016\/12\/pos-graduacao-saude-612x387.jpg 612w, https:\/\/www.ufla.br\/dcom\/wp-content\/uploads\/2016\/12\/pos-graduacao-saude.jpg 1931w\" sizes=\"auto, (max-width: 249px) 100vw, 249px\" \/><\/a>A <a href=\"http:\/\/www.prpg.ufla.br\/\" target=\"_blank\" rel=\"noopener\">Pr\u00f3-Reitoria de P\u00f3s-Gradua\u00e7\u00e3o (PRPG)<\/a> informa que est\u00e3o abertas as inscri\u00e7\u00f5es para o processo seletivo 2018\/1 para 51 Programas de P\u00f3s-Gradua\u00e7\u00e3o&nbsp;<em>Stricto Sensu<\/em>&nbsp;(PPGSS) da Universidade Federal de Lavras (UFLA). No total, s\u00e3o ofertadas 367 vagas para o Mestrado e 207 vagas para o Doutorado.&nbsp;<\/p>\n<p>As inscri\u00e7\u00f5es, no valor de R$ 80,00, devem ser realizadas at\u00e9 as 18h do dia 5\/9 por meio do site da <a href=\"http:\/\/www.prpg.ufla.br\/prpg2010\/programas-de-pos\/stricto-sensu\/programas-de-pos-graduacao-mestrado-e-doutorado\/\" target=\"_blank\" rel=\"noopener\">PRPG<\/a>. &nbsp;O prazo para pedido de isen\u00e7\u00e3o dessa taxa se encerra em 11\/8. O resultado do processo seletivo ser\u00e1 publicado em 30\/11.<\/p>\n<p>Os cursos de Mestrado ofertados s\u00e3o:&nbsp;Administra\u00e7\u00e3o;&nbsp;Agroqu\u00edmica;&nbsp;Biotecnologia Vegetal;&nbsp;Bot\u00e2nica Aplicada;&nbsp;Ci\u00eancia da Computa\u00e7\u00e3o;&nbsp;Ci\u00eancia do Solo;&nbsp;Ci\u00eancia dos Alimentos;&nbsp;Ci\u00eancia e Tecnologia da Madeira;&nbsp;Ci\u00eancias da Sa\u00fade;&nbsp;Ci\u00eancias Veterin\u00e1rias;&nbsp;Ecologia Aplicada;&nbsp;Engenharia Agr\u00edcola;&nbsp;Engenharia de Sistemas e Automa\u00e7\u00e3o;&nbsp;Engenharia de Biomateriais;&nbsp;Engenharia Florestal;&nbsp;Entomologia;&nbsp;Estat\u00edstica e Experimenta\u00e7\u00e3o Agropecu\u00e1ria;&nbsp;F\u00edsica;&nbsp;Fisiologia Vegetal;&nbsp;Fitopatologia;&nbsp;Fitotecnia;&nbsp;Gen\u00e9tica e Melhoramento de Plantas;&nbsp;Microbiologia Agr\u00edcola;&nbsp;Multic\u00eantrico em Qu\u00edmica de Minas Gerais;&nbsp;Nutri\u00e7\u00e3o e Sa\u00fade;&nbsp;Plantas Medicinais, Arom\u00e1ticas e Condimentares;&nbsp;Recursos H\u00eddricos em Sistemas Agr\u00edcolas; e Zootecnia.<\/p>\n<p>Al\u00e9m desses, s\u00e3o ofertadas vagas para Mestrado Profissional nas \u00e1reas de:&nbsp;Administra\u00e7\u00e3o P\u00fablica; Desenvolvimento Sustent\u00e1vel e Extens\u00e3o; Educa\u00e7\u00e3o;&nbsp;Gen\u00e9tica e Melhoramento de Plantas;&nbsp;Matem\u00e1tica em Rede Nacional (Profmat); Ensino de F\u00edsica; e Tecnologias e Inova\u00e7\u00f5es Ambientais.<\/p>\n<p>Para Doutorado, s\u00e3o ofertadas vagas para os seguintes cursos:&nbsp;Administra\u00e7\u00e3o; &nbsp;Agroqu\u00edmica;&nbsp;Biotecnologia Vegetal;&nbsp;Bot\u00e2nica Aplicada;&nbsp;Ci\u00eancia do Solo;&nbsp;Ci\u00eancia dos Alimentos;&nbsp;Ci\u00eancia e Tecnologia da Madeira;&nbsp;Ci\u00eancias Veterin\u00e1rias;&nbsp;Ecologia Aplicada;&nbsp;Engenharia Agr\u00edcola;&nbsp;Engenharia de Biomateriais;&nbsp;Engenharia Florestal;&nbsp;Entomologia;&nbsp;Estat\u00edstica e Experimenta\u00e7\u00e3o Agropecu\u00e1ria;&nbsp;Fisiologia Vegetal;&nbsp;Fitopatologia;&nbsp;Fitotecnia;&nbsp;Gen\u00e9tica e Melhoramento de Plantas;&nbsp;Microbiologia Agr\u00edcola;&nbsp;Multic\u00eantrico em Qu\u00edmica de Minas Gerais;&nbsp;Nutri\u00e7\u00e3o e Sa\u00fade;&nbsp;Plantas Medicinais, Arom\u00e1ticas e Condimentares;&nbsp;Recursos H\u00eddricos em Sistemas Agr\u00edcolas; e Zootecnia.<\/p>\n<p>Os crit\u00e9rios de sele\u00e7\u00e3o para cada programa est\u00e3o especificados em seus editais. <a href=\"http:\/\/www.prpg.ufla.br\/prpg2010\/editais\/selecao\/2017-2\/\">Acesse aqui os editais &#8211; processo seletivo 2018\/1<\/a>.<\/p>\n<p><a href=\"http:\/\/www.prpg.ufla.br\/prpg2010\/programas-de-pos\/stricto-sensu\/programas-de-pos-graduacao-mestrado-e-doutorado\/\">Saiba mais sobre os programas de p\u00f3s-gradua\u00e7\u00e3o <em>Stricto Sensu<\/em> da UFLA aqui<\/a>.<\/p>\n<p>Al\u00e9m dos cursos&nbsp;<em>Stricto&nbsp;Sensu<\/em>, est\u00e3o tamb\u00e9m abertas as inscri\u00e7\u00f5es para os cursos de p\u00f3s-gradua\u00e7\u00e3o <em>Lato Sensu<\/em> a dist\u00e2ncia. <a href=\"http:\/\/www.ufla.br\/ascom\/2017\/08\/02\/ufla-seleciona-estudantes-para-cursos-de-pos-graduacao-a-distancia\/\" target=\"_blank\" rel=\"noopener\">Clique aqui e saiba mais sobre o processo.<\/a><\/p>\n<h5>Panmela Oliveira &#8211; comunicadora e bolsista Dcom\/Fapemig<\/h5>\n<p>&nbsp;<\/p>\n","protected":false},"excerpt":{"rendered":"<p>A Pr\u00f3-Reitoria de P\u00f3s-Gradua\u00e7\u00e3o (PRPG) informa que est\u00e3o abertas as inscri\u00e7\u00f5es para o processo seletivo 2018\/1 para 51 Programas de P\u00f3s-Gradua\u00e7\u00e3o\u00a0Stricto Sensu\u00a0(PPGSS) da Universidade Federal de Lavras (UFLA). No total, s\u00e3o ofertadas 367 vagas para o Mestrado e 207 vagas para o Doutorado.\u00a0<\/p>\n","protected":false},"author":20,"featured_media":0,"comment_status":"closed","ping_status":"closed","sticky":false,"template":"","format":"standard","meta":{"ngg_post_thumbnail":0,"footnotes":""},"categories":[1],"tags":[438,458,437,15,957,1965],"class_list":["post-136322","post","type-post","status-publish","format-standard","hentry","category-noticias","tag-doutorado","tag-lato-sensu","tag-mestrado","tag-pos-graduacao","tag-pos-graduacao-a-distancia","tag-scricto-sensu"],"_links":{"self":[{"href":"https:\/\/www.ufla.br\/dcom\/wp-json\/wp\/v2\/posts\/136322","targetHints":{"allow":["GET"]}}],"collection":[{"href":"https:\/\/www.ufla.br\/dcom\/wp-json\/wp\/v2\/posts"}],"about":[{"href":"https:\/\/www.ufla.br\/dcom\/wp-json\/wp\/v2\/types\/post"}],"author":[{"embeddable":true,"href":"https:\/\/www.ufla.br\/dcom\/wp-json\/wp\/v2\/users\/20"}],"replies":[{"embeddable":true,"href":"https:\/\/www.ufla.br\/dcom\/wp-json\/wp\/v2\/comments?post=136322"}],"version-history":[{"count":8,"href":"https:\/\/www.ufla.br\/dcom\/wp-json\/wp\/v2\/posts\/136322\/revisions"}],"predecessor-version":[{"id":139278,"href":"https:\/\/www.ufla.br\/dcom\/wp-json\/wp\/v2\/posts\/136322\/revisions\/139278"}],"wp:attachment":[{"href":"https:\/\/www.ufla.br\/dcom\/wp-json\/wp\/v2\/media?parent=136322"}],"wp:term":[{"taxonomy":"category","embeddable":true,"href":"https:\/\/www.ufla.br\/dcom\/wp-json\/wp\/v2\/categories?post=136322"},{"taxonomy":"post_tag","embeddable":true,"href":"https:\/\/www.ufla.br\/dcom\/wp-json\/wp\/v2\/tags?post=136322"}],"curies":[{"name":"wp","href":"https:\/\/api.w.org\/{rel}","templated":true}]}}