{"id":136309,"date":"2017-08-02T13:48:05","date_gmt":"2017-08-02T16:48:05","guid":{"rendered":"http:\/\/www.ufla.br\/ascom\/?p=136309"},"modified":"2017-08-03T17:49:31","modified_gmt":"2017-08-03T20:49:31","slug":"pesquisadores-estrangeiros-debatem-historia-da-fisica-em-simposio-na-ufla","status":"publish","type":"post","link":"https:\/\/www.ufla.br\/dcom\/2017\/08\/02\/pesquisadores-estrangeiros-debatem-historia-da-fisica-em-simposio-na-ufla\/","title":{"rendered":"Pesquisadores estrangeiros debatem hist\u00f3ria da F\u00edsica em simp\u00f3sio na UFLA"},"content":{"rendered":"<figure id=\"attachment_136311\" aria-describedby=\"caption-attachment-136311\" style=\"width: 249px\" class=\"wp-caption alignright\"><a href=\"http:\/\/www.ufla.br\/ascom\/wp-content\/uploads\/2017\/08\/professor-um.png\"><img loading=\"lazy\" decoding=\"async\" class=\"size-medium wp-image-136311\" src=\"http:\/\/www.ufla.br\/ascom\/wp-content\/uploads\/2017\/08\/professor-um-249x181.png\" alt=\"\" width=\"249\" height=\"181\" srcset=\"https:\/\/www.ufla.br\/dcom\/wp-content\/uploads\/2017\/08\/professor-um-249x181.png 249w, https:\/\/www.ufla.br\/dcom\/wp-content\/uploads\/2017\/08\/professor-um-120x87.png 120w, https:\/\/www.ufla.br\/dcom\/wp-content\/uploads\/2017\/08\/professor-um.png 458w\" sizes=\"auto, (max-width: 249px) 100vw, 249px\" \/><\/a><figcaption id=\"caption-attachment-136311\" class=\"wp-caption-text\">Professor Alexei Kojevnikov durante palestra<\/figcaption><\/figure>\n<p>A Universidade Federal de Lavras (UFLA) recebeu, nessa ter\u00e7a-feira (1\/8), pesquisadores da Fran\u00e7a e do Canad\u00e1 durante o 1\u00ba Simp\u00f3sio em Hist\u00f3ria da F\u00edsica. O evento teve a participa\u00e7\u00e3o do professor Alexei Kojevnikov, da University of British Columbia, no Canad\u00e1, e dos palestrantes Jean-Philippe Martinez, da Universit\u00e9 de Gen\u00e8ve and Universit\u00e9 Paris 7 \u2013 Paris Diderot, e Cassiano Rezende Pagliarini, da Universidade Federal de Ouro Preto (Ufop). Kojevnikov \u00e9 editor associado da revista Historical Studies on Natural Scienes, publica\u00e7\u00e3o de refer\u00eancia na \u00e1rea.&nbsp;<\/p>\n<p>O simp\u00f3sio foi organizado pelos setores de Ensino de F\u00edsica do Departamento de Ci\u00eancias Exatas (DEX) e de Filosofia do Departamento de Ci\u00eancias Humanas (DCH), tendo a coordena\u00e7\u00e3o do professor Alexandre Bagdonas (DEX).<\/p>\n<p>O encontro ampliou as discuss\u00f5es sobre a hist\u00f3ria da F\u00edsica Moderna, os pol\u00eamicos debates que deram origem ao nascimento da F\u00edsica Qu\u00e2ntica e os que se seguiram \u00e0 publica\u00e7\u00e3o da Teoria da Relatividade.<\/p>\n<p>Alexei Kojevnikov abordou a situa\u00e7\u00e3o pol\u00edtica no \u00e2mbito do internacionalismo cient\u00edfico no per\u00edodo ap\u00f3s a Primeira Guerra, com o tema \u201cA Comunidade de Copenhague, a &#8216;Revolta dos Postdocs&#8217; e o Nascimento da Mec\u00e2nica Qu\u00e2ntica&#8221;.&nbsp; Jean-Philippe Martinez falou sobre o movimento que fez renascer o debate sobre a Relatividade Geral na d\u00e9cada de 1950. J\u00e1 o professor Pagliarini tratou das no\u00e7\u00f5es te\u00f3ricas sobre o problema da radia\u00e7\u00e3o do corpo negro<\/p>\n<figure id=\"attachment_136312\" aria-describedby=\"caption-attachment-136312\" style=\"width: 249px\" class=\"wp-caption alignleft\"><a href=\"http:\/\/www.ufla.br\/ascom\/wp-content\/uploads\/2017\/08\/2.png\"><img loading=\"lazy\" decoding=\"async\" class=\"size-medium wp-image-136312\" src=\"http:\/\/www.ufla.br\/ascom\/wp-content\/uploads\/2017\/08\/2-249x147.png\" alt=\"\" width=\"249\" height=\"147\" srcset=\"https:\/\/www.ufla.br\/dcom\/wp-content\/uploads\/2017\/08\/2-249x147.png 249w, https:\/\/www.ufla.br\/dcom\/wp-content\/uploads\/2017\/08\/2-120x71.png 120w, https:\/\/www.ufla.br\/dcom\/wp-content\/uploads\/2017\/08\/2.png 480w\" sizes=\"auto, (max-width: 249px) 100vw, 249px\" \/><\/a><figcaption id=\"caption-attachment-136312\" class=\"wp-caption-text\">Jean-Philippe Martinez, da Universit\u00e9 de Gen\u00e8ve and Universit\u00e9 Paris 7<\/figcaption><\/figure>\n<p>Os pesquisadores estrangeiros estiveram na UFLA pela primeira vez e agradeceram a oportunidade de participar do evento. Antes de chegarem \u00e0 institui\u00e7\u00e3o, ambos foram ao Rio de Janeiro, onde prestigiaram 25\u00ba Congresso Internacional da Hist\u00f3ria da Ci\u00eancia e da Tecnologia.<\/p>\n<p>Para professor Alexandre Bagdonas, temas relacionados \u00e0 hist\u00f3ria da F\u00edsica carecem de debates na sala de aula no sentido ampliar o sentido humano da mat\u00e9ria. \u201c (Hist\u00f3ria da F\u00edsica ) \u00e9 uma coisa que normalmente os alunos n\u00e3o est\u00e3o acostumados a ver no curso de Exatas. Eles (os alunos) est\u00e3o acostumados a ver teorias prontas, como se elas fossem apresentadas como descobertas feitas. Voc\u00ea raramente apresenta o processo de cria\u00e7\u00e3o dessas teorias. \u00c9 isso que esses pesquisadores estudam, o momento de cria\u00e7\u00e3o, de justifica\u00e7\u00e3o e qual era o momento de cria\u00e7\u00e3o de \u00e9poca. Isso ajuda muito no ensino\u201d, destacou.<\/p>\n<p>Formado em F\u00edsica pela Universidade de S\u00e3o Paulo (USP), Bagdonas foi co-orientado por Alexei Kojevnikov no doutorado sandu\u00edche em Interunidades em Ensino de Ci\u00eancias na University of British Columbia. Antes, em 2012, Alexandre Bagdonas conheceu o pesquisador durante um curso na Universidade Federal da Bahia (UFBA).<\/p>\n<p><strong>Texto: Rafael Passos &#8211; Jornalista\/bolsista &#8211; Fapemig<\/strong><\/p>\n","protected":false},"excerpt":{"rendered":"<p>A Universidade Federal de Lavras (UFLA) recebeu, nessa ter\u00e7a-feira (1\/8), pesquisadores da Fran\u00e7a e do Canad\u00e1 durante o 1\u00ba Simp\u00f3sio em Hist\u00f3ria da F\u00edsica. O evento teve a participa\u00e7\u00e3o do professor Alexei Kojevnikov, da University of British Columbia, no Canad\u00e1, e dos palestrantes Jean-Philippe Martinez, da Universit\u00e9 de Gen\u00e8ve and Universit\u00e9 Paris 7 \u2013 Paris &hellip; <a href=\"https:\/\/www.ufla.br\/dcom\/2017\/08\/02\/pesquisadores-estrangeiros-debatem-historia-da-fisica-em-simposio-na-ufla\/\" class=\"more-link\">Continue lendo <span class=\"screen-reader-text\">Pesquisadores estrangeiros debatem hist\u00f3ria da F\u00edsica em simp\u00f3sio na UFLA<\/span> <span class=\"meta-nav\">&rarr;<\/span><\/a><\/p>\n","protected":false},"author":20,"featured_media":0,"comment_status":"closed","ping_status":"closed","sticky":false,"template":"","format":"standard","meta":{"ngg_post_thumbnail":0,"footnotes":""},"categories":[1,10],"tags":[],"class_list":["post-136309","post","type-post","status-publish","format-standard","hentry","category-noticias","category-menores"],"_links":{"self":[{"href":"https:\/\/www.ufla.br\/dcom\/wp-json\/wp\/v2\/posts\/136309","targetHints":{"allow":["GET"]}}],"collection":[{"href":"https:\/\/www.ufla.br\/dcom\/wp-json\/wp\/v2\/posts"}],"about":[{"href":"https:\/\/www.ufla.br\/dcom\/wp-json\/wp\/v2\/types\/post"}],"author":[{"embeddable":true,"href":"https:\/\/www.ufla.br\/dcom\/wp-json\/wp\/v2\/users\/20"}],"replies":[{"embeddable":true,"href":"https:\/\/www.ufla.br\/dcom\/wp-json\/wp\/v2\/comments?post=136309"}],"version-history":[{"count":1,"href":"https:\/\/www.ufla.br\/dcom\/wp-json\/wp\/v2\/posts\/136309\/revisions"}],"predecessor-version":[{"id":136314,"href":"https:\/\/www.ufla.br\/dcom\/wp-json\/wp\/v2\/posts\/136309\/revisions\/136314"}],"wp:attachment":[{"href":"https:\/\/www.ufla.br\/dcom\/wp-json\/wp\/v2\/media?parent=136309"}],"wp:term":[{"taxonomy":"category","embeddable":true,"href":"https:\/\/www.ufla.br\/dcom\/wp-json\/wp\/v2\/categories?post=136309"},{"taxonomy":"post_tag","embeddable":true,"href":"https:\/\/www.ufla.br\/dcom\/wp-json\/wp\/v2\/tags?post=136309"}],"curies":[{"name":"wp","href":"https:\/\/api.w.org\/{rel}","templated":true}]}}