{"id":135679,"date":"2017-07-20T14:49:15","date_gmt":"2017-07-20T17:49:15","guid":{"rendered":"http:\/\/www.ufla.br\/ascom\/?p=135679"},"modified":"2017-07-27T12:32:16","modified_gmt":"2017-07-27T15:32:16","slug":"ufla-realiza-campanha-vida-saudavel-acao-para-promover-habitos-saudaveis-acontece-no-dia-257","status":"publish","type":"post","link":"https:\/\/www.ufla.br\/dcom\/2017\/07\/20\/ufla-realiza-campanha-vida-saudavel-acao-para-promover-habitos-saudaveis-acontece-no-dia-257\/","title":{"rendered":"UFLA realiza campanha \u201cVida Saud\u00e1vel\u201d \u2013 a\u00e7\u00e3o para promover h\u00e1bitos saud\u00e1veis acontece no dia 25\/7"},"content":{"rendered":"<p><a href=\"http:\/\/www.ufla.br\/ascom\/wp-content\/uploads\/2017\/07\/Cartaz-Vida-Saud\u00e1vel-OK-4.jpg\"><img loading=\"lazy\" decoding=\"async\" class=\"wp-image-135680 alignleft\" src=\"http:\/\/www.ufla.br\/ascom\/wp-content\/uploads\/2017\/07\/Cartaz-Vida-Saud\u00e1vel-OK-4-177x249.jpg\" alt=\"\" width=\"211\" height=\"297\" srcset=\"https:\/\/www.ufla.br\/dcom\/wp-content\/uploads\/2017\/07\/Cartaz-Vida-Saud\u00e1vel-OK-4-177x249.jpg 177w, https:\/\/www.ufla.br\/dcom\/wp-content\/uploads\/2017\/07\/Cartaz-Vida-Saud\u00e1vel-OK-4-768x1078.jpg 768w, https:\/\/www.ufla.br\/dcom\/wp-content\/uploads\/2017\/07\/Cartaz-Vida-Saud\u00e1vel-OK-4-612x859.jpg 612w, https:\/\/www.ufla.br\/dcom\/wp-content\/uploads\/2017\/07\/Cartaz-Vida-Saud\u00e1vel-OK-4-86x120.jpg 86w, https:\/\/www.ufla.br\/dcom\/wp-content\/uploads\/2017\/07\/Cartaz-Vida-Saud\u00e1vel-OK-4.jpg 2000w\" sizes=\"auto, (max-width: 211px) 100vw, 211px\" \/><\/a>S\u00e3o muitos os fatores que interferem na sa\u00fade e na qualidade de vida, incluindo quest\u00f5es biol\u00f3gicas, ambientais, psicol\u00f3gicas e, at\u00e9 mesmo, sociais. Por isso, manter um estilo de vida saud\u00e1vel \u00e9 o ponto de partida para quem quer viver mais e melhor.<\/p>\n<p>Com o objetivo de incentivar a ado\u00e7\u00e3o de h\u00e1bitos saud\u00e1veis e promover o aumento da qualidade de vida da comunidade acad\u00eamica, a UFLA realiza, por meio do projeto Minuto da Sa\u00fade, do N\u00facleo de Estudos em Obesidade e Diabetes (Neodia) e da Pr\u00f3-reitoria de Assuntos Estudantis e Comunit\u00e1rios (Praec), a campanha \u201cVida Saud\u00e1vel\u201d. Na ter\u00e7a (25\/7), profissionais de sa\u00fade de diversas \u00e1reas estar\u00e3o no Centro de Conviv\u00eancia, das 12h \u00e0s 13h e das 20h \u00e0s 21h, esclarecendo d\u00favidas do p\u00fablico sobre obesidade, diabetes, hipertens\u00e3o, exerc\u00edcios f\u00edsicos e h\u00e1bitos alimentares. &nbsp;<\/p>\n<p>Al\u00e9m das rodas de conversa e da distribui\u00e7\u00e3o de folhetos informativos sobre vida saud\u00e1vel, a comunidade contar\u00e1 com o servi\u00e7o de aferi\u00e7\u00e3o de press\u00e3o arterial no local. As a\u00e7\u00f5es incluem tamb\u00e9m a divulga\u00e7\u00e3o de dicas sobre o tema nas p\u00e1ginas oficiais da <a href=\"https:\/\/www.facebook.com\/uflabr\/\">UFLA<\/a> e do <a href=\"https:\/\/www.facebook.com\/minutodasaudeufla\/\">Minuto da Sa\u00fade<\/a> nas redes sociais.<\/p>\n<p>A campanha \u201cVida Saud\u00e1vel\u201d faz parte de uma s\u00e9rie projetos da UFLA para promo\u00e7\u00e3o de melhores h\u00e1bitos de vida e de uma conviv\u00eancia saud\u00e1vel na Universidade. A iniciativa conta com o apoio da Fapemig, do departamento de Ci\u00eancias da Sa\u00fade, do Centro Acad\u00eamico de Medicina Bar\u00e7ante e Pereira (CAMBaPe) e da Diretoria de Comunica\u00e7\u00e3o (DCOM).<\/p>\n","protected":false},"excerpt":{"rendered":"<p>Profissionais de sa\u00fade de diversas \u00e1reas estar\u00e3o no Centro de Conviv\u00eancia, das 12h \u00e0s 13h e das 20h \u00e0s 21h, esclarecendo d\u00favidas do p\u00fablico sobre obesidade, diabetes, hipertens\u00e3o, exerc\u00edcios f\u00edsicos e h\u00e1bitos alimentares. Comunidade contar\u00e1 tamb\u00e9m com o servi\u00e7o de aferi\u00e7\u00e3o de press\u00e3o arterial no local.<\/p>\n","protected":false},"author":31,"featured_media":135680,"comment_status":"closed","ping_status":"closed","sticky":false,"template":"","format":"standard","meta":{"ngg_post_thumbnail":0,"footnotes":""},"categories":[1,10],"tags":[431,1876,1954,436,1953],"class_list":["post-135679","post","type-post","status-publish","format-standard","has-post-thumbnail","hentry","category-noticias","category-menores","tag-campanha","tag-minuto-da-saude","tag-qualidade-de-vida","tag-saude-2","tag-vida-saudavel"],"_links":{"self":[{"href":"https:\/\/www.ufla.br\/dcom\/wp-json\/wp\/v2\/posts\/135679","targetHints":{"allow":["GET"]}}],"collection":[{"href":"https:\/\/www.ufla.br\/dcom\/wp-json\/wp\/v2\/posts"}],"about":[{"href":"https:\/\/www.ufla.br\/dcom\/wp-json\/wp\/v2\/types\/post"}],"author":[{"embeddable":true,"href":"https:\/\/www.ufla.br\/dcom\/wp-json\/wp\/v2\/users\/31"}],"replies":[{"embeddable":true,"href":"https:\/\/www.ufla.br\/dcom\/wp-json\/wp\/v2\/comments?post=135679"}],"version-history":[{"count":5,"href":"https:\/\/www.ufla.br\/dcom\/wp-json\/wp\/v2\/posts\/135679\/revisions"}],"predecessor-version":[{"id":135685,"href":"https:\/\/www.ufla.br\/dcom\/wp-json\/wp\/v2\/posts\/135679\/revisions\/135685"}],"wp:featuredmedia":[{"embeddable":true,"href":"https:\/\/www.ufla.br\/dcom\/wp-json\/wp\/v2\/media\/135680"}],"wp:attachment":[{"href":"https:\/\/www.ufla.br\/dcom\/wp-json\/wp\/v2\/media?parent=135679"}],"wp:term":[{"taxonomy":"category","embeddable":true,"href":"https:\/\/www.ufla.br\/dcom\/wp-json\/wp\/v2\/categories?post=135679"},{"taxonomy":"post_tag","embeddable":true,"href":"https:\/\/www.ufla.br\/dcom\/wp-json\/wp\/v2\/tags?post=135679"}],"curies":[{"name":"wp","href":"https:\/\/api.w.org\/{rel}","templated":true}]}}