{"id":135653,"date":"2017-07-19T13:40:13","date_gmt":"2017-07-19T16:40:13","guid":{"rendered":"http:\/\/www.ufla.br\/ascom\/?p=135653"},"modified":"2017-07-24T12:02:42","modified_gmt":"2017-07-24T15:02:42","slug":"grupo-multidisciplinar-da-ufla-apresenta-projeto-em-evento-sobre-empreendedorismo-social","status":"publish","type":"post","link":"https:\/\/www.ufla.br\/dcom\/2017\/07\/19\/grupo-multidisciplinar-da-ufla-apresenta-projeto-em-evento-sobre-empreendedorismo-social\/","title":{"rendered":"Grupo multidisciplinar da UFLA apresenta projeto em evento sobre empreendedorismo social"},"content":{"rendered":"<figure id=\"attachment_135654\" aria-describedby=\"caption-attachment-135654\" style=\"width: 249px\" class=\"wp-caption alignright\"><a href=\"http:\/\/www.ufla.br\/ascom\/wp-content\/uploads\/2017\/07\/criarte.png\"><img loading=\"lazy\" decoding=\"async\" class=\"size-medium wp-image-135654\" src=\"http:\/\/www.ufla.br\/ascom\/wp-content\/uploads\/2017\/07\/criarte-249x164.png\" alt=\"\" width=\"249\" height=\"164\" srcset=\"https:\/\/www.ufla.br\/dcom\/wp-content\/uploads\/2017\/07\/criarte-249x164.png 249w, https:\/\/www.ufla.br\/dcom\/wp-content\/uploads\/2017\/07\/criarte-120x79.png 120w, https:\/\/www.ufla.br\/dcom\/wp-content\/uploads\/2017\/07\/criarte.png 599w\" sizes=\"auto, (max-width: 249px) 100vw, 249px\" \/><\/a><figcaption id=\"caption-attachment-135654\" class=\"wp-caption-text\">Equipe do CriArte vai representar a UFLA no Rio de Janeiro<\/figcaption><\/figure>\n<p>A Universidade Federal de Lavras (UFLA) ser\u00e1 representada no maior evento de empreendedorismo social da Am\u00e9rica Latina. Enactus Brasil 2017 ter\u00e1 a participa\u00e7\u00e3o da universidade, com o grupo Enactus UFLA, que vai apresentar o projeto CriArte. O evento ocorre nesta quinta e sexta-feira, no Rio de Janeiro.<\/p>\n<p>De cunho social, o CriArte surgiu no in\u00edcio deste ano e tem por objetivo inserir mulheres em situa\u00e7\u00e3o de vulnerabilidade no mercado de trabalho, por meio de a\u00e7\u00f5es empreendedoras. Aluna do curso de Engenharia Ambiental e integrante do Enactus UFLA, Amanda Draber contou que, inicialmente, o projeto vai capacitar um grupo de 20 mulheres para que elas produzam pe\u00e7as de roupas e artigos do lar, que ser\u00e3o comercializados. Essas pessoas ter\u00e3o acesso \u00e0 mat\u00e9ria-prima, al\u00e9m de participar de oficinas e de rodas de conversa.<\/p>\n<p>A estudante disse ainda que a equipe multidisciplinar do Enactus UFLA est\u00e1 em busca de parceiros para o financiamento do projeto. Amanda Draber revelou que as mulheres assistidas pelo CriArte foram selecionadas com o aux\u00edlio do Centro de Refer\u00eancia da Assist\u00eancia Social (CRAS), da Prefeitura de Lavras. \u201cFomos auxiliados a identificar aquelas (mulheres) mais necessitadas e que estavam interessadas em participar do projeto. Realizamos ch\u00e1s semanais para entender mais o que elas precisavam e, a partir da\u00ed, t\u00ednhamos criado a nossa sele\u00e7\u00e3o\u201d, explicou.<\/p>\n<p>Para a estudante, o contato com as mulheres significa para os estudantes crescimento profissional e pessoal, despertando empatia entre os envolvidos no projeto. &#8220;Est\u00e1 sendo indescrit\u00edvel. Somos muito felizes em conseguir empoderar e mudar a realidade do nosso p\u00fablico alvo. J\u00e1 ouvimos muitas hist\u00f3rias impactantes que nos fazem entender a realidade que elas vivem e que nos motiva demais a modificar e ajudar\u201d.<\/p>\n<p>O Enactus UFLA preparou uma apresenta\u00e7\u00e3o do CriArte que ser\u00e1 exibida para cerca de 20 jurados no Enactus Brasil. O material elaborado pelos alunos contempla todas as etapas do projeto e ser\u00e1 avaliado pelo j\u00fari.<\/p>\n<p>Amanda Draber considera a que participa\u00e7\u00e3o no Enactus ser\u00e1 uma experi\u00eancia enriquecedora, proporcionando compartilhamento de conhecimentos e de viv\u00eancia profissional. &#8220;Participar da Enactus \u00e9 um sentimento inexplic\u00e1vel. Conhecemos in\u00fameros projetos no Brasil que ajudam comunidades de Norte a Sul do pa\u00eds, com pessoas engajadas a mudar a realidade. Pessoas que s\u00e3o inconformadas, mas que realizam a mudan\u00e7a que elas querem ver no mundo&#8221;, afirmou.<\/p>\n<p><strong>Texto: Rafael Passos &#8211; Jornalista\/bolsita &#8211; Fapemig<\/strong><\/p>\n","protected":false},"excerpt":{"rendered":"<p>A Universidade Federal de Lavras (UFLA) ser\u00e1 representada no maior evento de empreendedorismo social da Am\u00e9rica Latina. Enactus Brasil 2017 ter\u00e1 a participa\u00e7\u00e3o da universidade, com o grupo Enactus UFLA, que vai apresentar o projeto CriArte. O evento ocorre nesta quinta e sexta-feira, no Rio de Janeiro. De cunho social, o CriArte surgiu no in\u00edcio &hellip; <a href=\"https:\/\/www.ufla.br\/dcom\/2017\/07\/19\/grupo-multidisciplinar-da-ufla-apresenta-projeto-em-evento-sobre-empreendedorismo-social\/\" class=\"more-link\">Continue lendo <span class=\"screen-reader-text\">Grupo multidisciplinar da UFLA apresenta projeto em evento sobre empreendedorismo social<\/span> <span class=\"meta-nav\">&rarr;<\/span><\/a><\/p>\n","protected":false},"author":20,"featured_media":0,"comment_status":"closed","ping_status":"closed","sticky":false,"template":"","format":"standard","meta":{"ngg_post_thumbnail":0,"footnotes":""},"categories":[1,10],"tags":[],"class_list":["post-135653","post","type-post","status-publish","format-standard","hentry","category-noticias","category-menores"],"_links":{"self":[{"href":"https:\/\/www.ufla.br\/dcom\/wp-json\/wp\/v2\/posts\/135653","targetHints":{"allow":["GET"]}}],"collection":[{"href":"https:\/\/www.ufla.br\/dcom\/wp-json\/wp\/v2\/posts"}],"about":[{"href":"https:\/\/www.ufla.br\/dcom\/wp-json\/wp\/v2\/types\/post"}],"author":[{"embeddable":true,"href":"https:\/\/www.ufla.br\/dcom\/wp-json\/wp\/v2\/users\/20"}],"replies":[{"embeddable":true,"href":"https:\/\/www.ufla.br\/dcom\/wp-json\/wp\/v2\/comments?post=135653"}],"version-history":[{"count":5,"href":"https:\/\/www.ufla.br\/dcom\/wp-json\/wp\/v2\/posts\/135653\/revisions"}],"predecessor-version":[{"id":135659,"href":"https:\/\/www.ufla.br\/dcom\/wp-json\/wp\/v2\/posts\/135653\/revisions\/135659"}],"wp:attachment":[{"href":"https:\/\/www.ufla.br\/dcom\/wp-json\/wp\/v2\/media?parent=135653"}],"wp:term":[{"taxonomy":"category","embeddable":true,"href":"https:\/\/www.ufla.br\/dcom\/wp-json\/wp\/v2\/categories?post=135653"},{"taxonomy":"post_tag","embeddable":true,"href":"https:\/\/www.ufla.br\/dcom\/wp-json\/wp\/v2\/tags?post=135653"}],"curies":[{"name":"wp","href":"https:\/\/api.w.org\/{rel}","templated":true}]}}