{"id":135568,"date":"2017-07-17T14:31:26","date_gmt":"2017-07-17T17:31:26","guid":{"rendered":"http:\/\/www.ufla.br\/ascom\/?p=135568"},"modified":"2017-07-20T10:37:02","modified_gmt":"2017-07-20T13:37:02","slug":"ciufla-e-conex-prazo-para-inscricao-de-resumos-comecou-nesta-segunda-feira-17","status":"publish","type":"post","link":"https:\/\/www.ufla.br\/dcom\/2017\/07\/17\/ciufla-e-conex-prazo-para-inscricao-de-resumos-comecou-nesta-segunda-feira-17\/","title":{"rendered":"Ciufla e Conex: prazo para inscri\u00e7\u00e3o de resumos come\u00e7ou nesta segunda-feira (17)"},"content":{"rendered":"<p><a href=\"http:\/\/www.ufla.br\/ascom\/wp-content\/uploads\/2017\/07\/congressos2017.jpg\"><img loading=\"lazy\" decoding=\"async\" class=\"size-large wp-image-135572 aligncenter\" src=\"http:\/\/www.ufla.br\/ascom\/wp-content\/uploads\/2017\/07\/congressos2017-612x129.jpg\" alt=\"\" width=\"612\" height=\"129\" srcset=\"https:\/\/www.ufla.br\/dcom\/wp-content\/uploads\/2017\/07\/congressos2017-612x129.jpg 612w, https:\/\/www.ufla.br\/dcom\/wp-content\/uploads\/2017\/07\/congressos2017-249x52.jpg 249w, https:\/\/www.ufla.br\/dcom\/wp-content\/uploads\/2017\/07\/congressos2017-768x162.jpg 768w, https:\/\/www.ufla.br\/dcom\/wp-content\/uploads\/2017\/07\/congressos2017-120x25.jpg 120w, https:\/\/www.ufla.br\/dcom\/wp-content\/uploads\/2017\/07\/congressos2017.jpg 940w\" sizes=\"auto, (max-width: 612px) 100vw, 612px\" \/><\/a><\/p>\n<p>&nbsp;<\/p>\n<p>A UFLA realizar\u00e1, de 27 de novembro a 1\u00ba de dezembro deste ano, o evento \u201cInova\u00e7\u00e3o Tecnol\u00f3gica na Universidade\u201d, que integrar\u00e1 o XXX Congresso de Inicia\u00e7\u00e3o Cient\u00edfica (Ciufla), XII Congresso de Extens\u00e3o (Conex) e XXVI Congresso da P\u00f3s-Gradua\u00e7\u00e3o. Os dois primeiros congressos recebem resumos a partir de hoje (17\/7), prazo que se estende at\u00e9 18 de agosto. J\u00e1 o Congresso de P\u00f3s-Gradua\u00e7\u00e3o ainda n\u00e3o anunciou o prazo de recebimento de trabalhos.<\/p>\n<p>Para o Conex, est\u00e3o convocados a participar todos os bolsistas de Extens\u00e3o da UFLA. A inscri\u00e7\u00e3o de resumos pode ser feita por meio da p\u00e1gina: <a href=\"http:\/\/www.proec.ufla.br\/resconex\/\">http:\/\/www.proec.ufla.br\/resconex\/<\/a> .<\/p>\n<p>Todos os estudantes vinculados \u00e0 inicia\u00e7\u00e3o cient\u00edfica est\u00e3o convocados a participar do Ciufla, acompanhados de seus orientadores. \u00c9 nessa oportunidade que os programas de inicia\u00e7\u00e3o cient\u00edfica da UFLA s\u00e3o avaliados por membros externos e internos. Com base nessa avalia\u00e7\u00e3o e na qualidade dos resumos do Ciufla \u00e9 que s\u00e3o concedidas as bolsas aos programas de inicia\u00e7\u00e3o cient\u00edfica da Universidade. As inscri\u00e7\u00f5es com submiss\u00e3o de resumos para o Ciufla devem ser feitas pela p\u00e1gina: <a href=\"http:\/\/www.prp.ufla.br\/ciuflasig\">www.prp.ufla.br\/ciuflasig<\/a>.<\/p>\n<p><strong>\u201cEsquenta\u201d do Ciufla<\/strong><\/p>\n<p>A fim de auxiliar os estudantes, a Pr\u00f3-Reitoria de Pesquisa (<a href=\"http:\/\/www.prp.ufla.br\/\">PRP<\/a>) realizar\u00e1 uma oficina sobre elabora\u00e7\u00e3o de resumos para o Ciufla, na pr\u00f3xima segunda-feira (24\/7). A oficina ser\u00e1 ministrada pela professora Helena Maria Ferreira (<a href=\"http:\/\/www.dch.ufla.br\/\">DCH<\/a>), em tr\u00eas hor\u00e1rios diferentes, no Anfiteatro Magno Antonio Patto Ramalho (Departamento de Biologia): 8h \u00e0s 9h; 14h \u00e0s 15h; e 18h \u00e0s 19h. As inscri\u00e7\u00f5es para a oficina j\u00e1 est\u00e3o abertas e devem ser feitas no <a href=\"http:\/\/www.sig.ufla.br\/\">SIG<\/a>. As vagas s\u00e3o limitadas.<\/p>\n<p><strong>Inova\u00e7\u00e3o Tecnol\u00f3gica na Universidade<\/strong><\/p>\n<p>Comprometida com o processo de inova\u00e7\u00e3o, a UFLA definiu como tema e lema para os congressos deste ano a \u201cInova\u00e7\u00e3o Tecnol\u00f3gica na Universidade\u201d. Esse tema diz respeito ao desenvolvimento de novos produtos ou processos capazes de aprimorar o estado da arte da ci\u00eancia e da tecnologia, o que j\u00e1 vem sendo apontado como o principal agente de desenvolvimento socioecon\u00f4mico de um Pa\u00eds.<\/p>\n<p>A import\u00e2ncia da inova\u00e7\u00e3o pode ser vista nos recentes esfor\u00e7os governamentais para facilitar processos inovadores nas institui\u00e7\u00f5es de ci\u00eancia e tecnologia, como a edi\u00e7\u00e3o do novo Marco Legal da Ci\u00eancia e Tecnologia \u2013 Lei 13.243\/2016.<\/p>\n<p>As universidades brasileiras s\u00e3o respons\u00e1veis pela ampla maioria das pesquisas com foco no desenvolvimento de produtos ou processos inovadores, al\u00e9m de formarem m\u00e3o de obra qualificada para o mercado, que mant\u00e9m vivo esse processo no setor privado. Por isso, seu papel \u00e9 fundamental no processo de inova\u00e7\u00e3o.<\/p>\n<p><strong>Programa\u00e7\u00e3o<\/strong><\/p>\n<p>A programa\u00e7\u00e3o dos congressos j\u00e1 pode ser consultada, com outras informa\u00e7\u00f5es, no site <a href=\"http:\/\/www.ufla.br\/congressos\">www.ufla.br\/congressos<\/a>. A palestra de abertura, no dia 27\/11, ser\u00e1 conduzida pelo professor Gesil Amarante Segundo (Universidade Estadual de Santa Cruz\/BA), membro integrante da equipe que elaborou o novo Marco Legal de Ci\u00eancia Tecnologia e Inova\u00e7\u00e3o no Brasil. Durante a semana ser\u00e3o conduzidas as Sess\u00f5es de P\u00f4steres, com participa\u00e7\u00e3o de estudantes de gradua\u00e7\u00e3o e de p\u00f3s-gradua\u00e7\u00e3o, orientadores e pesquisadores da UFLA. No encerramento haver\u00e1 uma palestra sobre o tema do evento, com professor Fellipe Guerra (<a href=\"http:\/\/www.dir.ufla.br\/\">DIR<\/a>). Tamb\u00e9m ser\u00e1 realizada premia\u00e7\u00e3o dos melhores trabalhos.<\/p>\n<p>&nbsp;<\/p>\n","protected":false},"excerpt":{"rendered":"<p>&nbsp; A UFLA realizar\u00e1, de 27 de novembro a 1\u00ba de dezembro deste ano, o evento \u201cInova\u00e7\u00e3o Tecnol\u00f3gica na Universidade\u201d, que integrar\u00e1 o XXX Congresso de Inicia\u00e7\u00e3o Cient\u00edfica (Ciufla), XII Congresso de Extens\u00e3o (Conex) e XXVI Congresso da P\u00f3s-Gradua\u00e7\u00e3o. Os dois primeiros congressos recebem resumos a partir de hoje (17\/7), prazo que se estende at\u00e9 &hellip; <a href=\"https:\/\/www.ufla.br\/dcom\/2017\/07\/17\/ciufla-e-conex-prazo-para-inscricao-de-resumos-comecou-nesta-segunda-feira-17\/\" class=\"more-link\">Continue lendo <span class=\"screen-reader-text\">Ciufla e Conex: prazo para inscri\u00e7\u00e3o de resumos come\u00e7ou nesta segunda-feira (17)<\/span> <span class=\"meta-nav\">&rarr;<\/span><\/a><\/p>\n","protected":false},"author":27,"featured_media":0,"comment_status":"closed","ping_status":"closed","sticky":false,"template":"","format":"standard","meta":{"ngg_post_thumbnail":0,"footnotes":""},"categories":[10],"tags":[507,482,1323,382],"class_list":["post-135568","post","type-post","status-publish","format-standard","hentry","category-menores","tag-ciufla","tag-conex","tag-congresso-da-pos-graduacao","tag-congressos"],"_links":{"self":[{"href":"https:\/\/www.ufla.br\/dcom\/wp-json\/wp\/v2\/posts\/135568","targetHints":{"allow":["GET"]}}],"collection":[{"href":"https:\/\/www.ufla.br\/dcom\/wp-json\/wp\/v2\/posts"}],"about":[{"href":"https:\/\/www.ufla.br\/dcom\/wp-json\/wp\/v2\/types\/post"}],"author":[{"embeddable":true,"href":"https:\/\/www.ufla.br\/dcom\/wp-json\/wp\/v2\/users\/27"}],"replies":[{"embeddable":true,"href":"https:\/\/www.ufla.br\/dcom\/wp-json\/wp\/v2\/comments?post=135568"}],"version-history":[{"count":2,"href":"https:\/\/www.ufla.br\/dcom\/wp-json\/wp\/v2\/posts\/135568\/revisions"}],"predecessor-version":[{"id":135574,"href":"https:\/\/www.ufla.br\/dcom\/wp-json\/wp\/v2\/posts\/135568\/revisions\/135574"}],"wp:attachment":[{"href":"https:\/\/www.ufla.br\/dcom\/wp-json\/wp\/v2\/media?parent=135568"}],"wp:term":[{"taxonomy":"category","embeddable":true,"href":"https:\/\/www.ufla.br\/dcom\/wp-json\/wp\/v2\/categories?post=135568"},{"taxonomy":"post_tag","embeddable":true,"href":"https:\/\/www.ufla.br\/dcom\/wp-json\/wp\/v2\/tags?post=135568"}],"curies":[{"name":"wp","href":"https:\/\/api.w.org\/{rel}","templated":true}]}}