{"id":13507,"date":"2012-08-30T11:10:36","date_gmt":"2012-08-30T14:10:36","guid":{"rendered":"http:\/\/www.ufla.br\/ascom\/?p=13507"},"modified":"2013-01-08T14:52:06","modified_gmt":"2013-01-08T17:52:06","slug":"projeto-de-extensao-realiza-minicurso-sobre-etica-educacao-e-cidadania","status":"publish","type":"post","link":"https:\/\/www.ufla.br\/dcom\/2012\/08\/30\/projeto-de-extensao-realiza-minicurso-sobre-etica-educacao-e-cidadania\/","title":{"rendered":"Projeto de extens\u00e3o realiza minicurso sobre \u00e9tica, educa\u00e7\u00e3o e cidadania"},"content":{"rendered":"<h6><a href=\"http:\/\/www.ufla.br\/ascom\/index.php\/2012\/08\/quatro-projetos-da-ufla-sao-aprovados-com-recursos-no-proext-2013\/extensao-3\/\" rel=\"attachment wp-att-13137\"><img loading=\"lazy\" decoding=\"async\" class=\"alignleft size-medium wp-image-13137\" title=\"\" alt=\"\" src=\"http:\/\/www.ufla.br\/ascom\/wp-content\/uploads\/2012\/08\/extensao-249x155.jpg\" width=\"249\" height=\"155\" srcset=\"https:\/\/www.ufla.br\/dcom\/wp-content\/uploads\/2012\/08\/extensao-249x155.jpg 249w, https:\/\/www.ufla.br\/dcom\/wp-content\/uploads\/2012\/08\/extensao.jpg 278w\" sizes=\"auto, (max-width: 249px) 100vw, 249px\" \/><\/a><\/h6>\n<p>Ser\u00e1 realizado hoje (30) o minicurso: \u00c9tica, Educa\u00e7\u00e3o e Cidadania, no Museu de Hist\u00f3ria Natural da UFLA, \u00e0s 19 horas. O minicurso integra o projeto de extens\u00e3o &#8220;Temas de filosofia e educa\u00e7\u00e3o&#8221;, promovido pelo Departamento de Educa\u00e7\u00e3o (DED). O coordenador do projeto, professor Carlos Betlinski, ressalta que a finalidade do minicurso \u00e9 contribuir para a forma\u00e7\u00e3o da conduta \u00e9tica e pol\u00edtica da comunidade acad\u00eamica e lavrense.<\/p>\n<p>Esta \u00e9 a quarta edi\u00e7\u00e3o do minicurso, que pretende estabelecer o di\u00e1logo entre a filosofia e a educa\u00e7\u00e3o \u2013 por isso, tem como p\u00fablico-alvo professores das redes p\u00fablica e particular e estudantes de gradua\u00e7\u00e3o, especialmente dos cursos de licenciatura.<\/p>\n<p>O minicurso \u00e9 aberto \u00e0 comunidade acad\u00eamica e lavrense e os interessados devem se inscrever pelo e-mail <a href=\"mailto:temasdefilosofiaeeducacao@gmail.com\">temasdefilosofiaeeducacao@gmail.com<\/a>.<\/p>\n<p>&nbsp;<\/p>\n","protected":false},"excerpt":{"rendered":"<p>Ser\u00e1 realizado hoje (30) o minicurso: \u00c9tica, Educa\u00e7\u00e3o e Cidadania, no Museu de Hist\u00f3ria Natural da UFLA, \u00e0s 19 horas. O minicurso integra o projeto de extens\u00e3o &#8220;Temas (&#8230;)<\/p>\n","protected":false},"author":8,"featured_media":0,"comment_status":"closed","ping_status":"closed","sticky":false,"template":"","format":"standard","meta":{"ngg_post_thumbnail":0,"footnotes":""},"categories":[1,10],"tags":[92,585],"class_list":["post-13507","post","type-post","status-publish","format-standard","hentry","category-noticias","category-menores","tag-extensao","tag-filosofia"],"_links":{"self":[{"href":"https:\/\/www.ufla.br\/dcom\/wp-json\/wp\/v2\/posts\/13507","targetHints":{"allow":["GET"]}}],"collection":[{"href":"https:\/\/www.ufla.br\/dcom\/wp-json\/wp\/v2\/posts"}],"about":[{"href":"https:\/\/www.ufla.br\/dcom\/wp-json\/wp\/v2\/types\/post"}],"author":[{"embeddable":true,"href":"https:\/\/www.ufla.br\/dcom\/wp-json\/wp\/v2\/users\/8"}],"replies":[{"embeddable":true,"href":"https:\/\/www.ufla.br\/dcom\/wp-json\/wp\/v2\/comments?post=13507"}],"version-history":[{"count":10,"href":"https:\/\/www.ufla.br\/dcom\/wp-json\/wp\/v2\/posts\/13507\/revisions"}],"predecessor-version":[{"id":13516,"href":"https:\/\/www.ufla.br\/dcom\/wp-json\/wp\/v2\/posts\/13507\/revisions\/13516"}],"wp:attachment":[{"href":"https:\/\/www.ufla.br\/dcom\/wp-json\/wp\/v2\/media?parent=13507"}],"wp:term":[{"taxonomy":"category","embeddable":true,"href":"https:\/\/www.ufla.br\/dcom\/wp-json\/wp\/v2\/categories?post=13507"},{"taxonomy":"post_tag","embeddable":true,"href":"https:\/\/www.ufla.br\/dcom\/wp-json\/wp\/v2\/tags?post=13507"}],"curies":[{"name":"wp","href":"https:\/\/api.w.org\/{rel}","templated":true}]}}