{"id":134145,"date":"2017-06-22T15:05:02","date_gmt":"2017-06-22T18:05:02","guid":{"rendered":"http:\/\/www.ufla.br\/ascom\/?p=134145"},"modified":"2017-06-26T11:23:05","modified_gmt":"2017-06-26T14:23:05","slug":"ii-simposio-brasileiro-de-biologia-subterranea-recebe-inscricoes","status":"publish","type":"post","link":"https:\/\/www.ufla.br\/dcom\/2017\/06\/22\/ii-simposio-brasileiro-de-biologia-subterranea-recebe-inscricoes\/","title":{"rendered":"II Simp\u00f3sio Brasileiro de Biologia Subterr\u00e2nea recebe inscri\u00e7\u00f5es"},"content":{"rendered":"<p><a href=\"http:\/\/www.ufla.br\/ascom\/wp-content\/uploads\/2017\/06\/simposio-biologia-subterranea.jpg\"><img loading=\"lazy\" decoding=\"async\" class=\"alignleft size-medium wp-image-134146\" src=\"http:\/\/www.ufla.br\/ascom\/wp-content\/uploads\/2017\/06\/simposio-biologia-subterranea-249x139.jpg\" alt=\"\" width=\"249\" height=\"139\" srcset=\"https:\/\/www.ufla.br\/dcom\/wp-content\/uploads\/2017\/06\/simposio-biologia-subterranea-249x139.jpg 249w, https:\/\/www.ufla.br\/dcom\/wp-content\/uploads\/2017\/06\/simposio-biologia-subterranea-120x67.jpg 120w, https:\/\/www.ufla.br\/dcom\/wp-content\/uploads\/2017\/06\/simposio-biologia-subterranea.jpg 558w\" sizes=\"auto, (max-width: 249px) 100vw, 249px\" \/><\/a>O Centro de Estudos em Biologia Subterr\u00e2nea (<a href=\"http:\/\/www.biologiasubterranea.com.br\/pt\/\">Cebs<\/a>) organiza o II Simp\u00f3sio Brasileiro sobre o tema. O evento ser\u00e1 realizado na UFLA de 2 a 6 de outubro, mas j\u00e1 abriu&nbsp;inscri\u00e7\u00f5es para participantes. Os interessados devem acessar o endere\u00e7o <a href=\"http:\/\/www.biosubbrasil.com.br\">www.biosubbrasil.com.br<\/a>. O Simp\u00f3sio tamb\u00e9m receber\u00e1 resumos de trabalhos cient\u00edficos, por\u00e9m, o envio dever\u00e1 ser feito entre 2 de agosto e 15 de setembro.<\/p>\n<p>Palestras, mesas-redondas, apresenta\u00e7\u00f5es orais e minicursos constituir\u00e3o o Simp\u00f3sio. Nele, pesquisadores, estudantes e profissionais compartilhar\u00e3o o conhecimento produzido em pesquisas das \u00e1reas da biologia e geologia.<\/p>\n<p>Entre os temas, est\u00e3o: aspectos biol\u00f3gicos e morfol\u00f3gicos de esp\u00e9cies cavern\u00edcolas e sua import\u00e2ncia para a compreens\u00e3o da hist\u00f3ria evolutiva e biogeogr\u00e1fica na regi\u00e3o; aspectos legais da conserva\u00e7\u00e3o e import\u00e2ncia da Bioespeleologia para a cria\u00e7\u00e3o de unidades de conserva\u00e7\u00e3o; e educa\u00e7\u00e3o ambiental, turismo, divulga\u00e7\u00e3o do conhecimento associados \u00e0 biologia subterr\u00e2nea.<\/p>\n<p>Saiba mais no site do evento: <a href=\"http:\/\/www.biosubbrasil.com.br\/\">www.biosubbrasil.com.br.<\/a><\/p>\n<p>&nbsp;<\/p>\n","protected":false},"excerpt":{"rendered":"<p>O Centro de Estudos em Biologia Subterr\u00e2nea (Cebs) organiza o II Simp\u00f3sio Brasileiro sobre o tema. O evento ser\u00e1 realizado na UFLA de 2 a 6 de outubro, mas j\u00e1 abriu&nbsp;inscri\u00e7\u00f5es para participantes. Os interessados devem acessar o endere\u00e7o www.biosubbrasil.com.br. O Simp\u00f3sio tamb\u00e9m receber\u00e1 resumos de trabalhos cient\u00edficos, por\u00e9m, o envio dever\u00e1 ser feito entre &hellip; <a href=\"https:\/\/www.ufla.br\/dcom\/2017\/06\/22\/ii-simposio-brasileiro-de-biologia-subterranea-recebe-inscricoes\/\" class=\"more-link\">Continue lendo <span class=\"screen-reader-text\">II Simp\u00f3sio Brasileiro de Biologia Subterr\u00e2nea recebe inscri\u00e7\u00f5es<\/span> <span class=\"meta-nav\">&rarr;<\/span><\/a><\/p>\n","protected":false},"author":27,"featured_media":0,"comment_status":"closed","ping_status":"closed","sticky":false,"template":"","format":"standard","meta":{"ngg_post_thumbnail":0,"footnotes":""},"categories":[10],"tags":[319,1162],"class_list":["post-134145","post","type-post","status-publish","format-standard","hentry","category-menores","tag-biologia","tag-biologia-subterranea"],"_links":{"self":[{"href":"https:\/\/www.ufla.br\/dcom\/wp-json\/wp\/v2\/posts\/134145","targetHints":{"allow":["GET"]}}],"collection":[{"href":"https:\/\/www.ufla.br\/dcom\/wp-json\/wp\/v2\/posts"}],"about":[{"href":"https:\/\/www.ufla.br\/dcom\/wp-json\/wp\/v2\/types\/post"}],"author":[{"embeddable":true,"href":"https:\/\/www.ufla.br\/dcom\/wp-json\/wp\/v2\/users\/27"}],"replies":[{"embeddable":true,"href":"https:\/\/www.ufla.br\/dcom\/wp-json\/wp\/v2\/comments?post=134145"}],"version-history":[{"count":1,"href":"https:\/\/www.ufla.br\/dcom\/wp-json\/wp\/v2\/posts\/134145\/revisions"}],"predecessor-version":[{"id":134147,"href":"https:\/\/www.ufla.br\/dcom\/wp-json\/wp\/v2\/posts\/134145\/revisions\/134147"}],"wp:attachment":[{"href":"https:\/\/www.ufla.br\/dcom\/wp-json\/wp\/v2\/media?parent=134145"}],"wp:term":[{"taxonomy":"category","embeddable":true,"href":"https:\/\/www.ufla.br\/dcom\/wp-json\/wp\/v2\/categories?post=134145"},{"taxonomy":"post_tag","embeddable":true,"href":"https:\/\/www.ufla.br\/dcom\/wp-json\/wp\/v2\/tags?post=134145"}],"curies":[{"name":"wp","href":"https:\/\/api.w.org\/{rel}","templated":true}]}}