{"id":132923,"date":"2017-06-12T16:25:48","date_gmt":"2017-06-12T19:25:48","guid":{"rendered":"http:\/\/www.ufla.br\/ascom\/?p=132923"},"modified":"2017-06-19T11:42:31","modified_gmt":"2017-06-19T14:42:31","slug":"chamada-aberta-para-programa-de-auxilio-a-promocao-de-eventos-cientificos-tecnologicos-eou-de-inovacao","status":"publish","type":"post","link":"https:\/\/www.ufla.br\/dcom\/2017\/06\/12\/chamada-aberta-para-programa-de-auxilio-a-promocao-de-eventos-cientificos-tecnologicos-eou-de-inovacao\/","title":{"rendered":"Chamada aberta para programa de aux\u00edlio \u00e0 promo\u00e7\u00e3o de eventos cient\u00edficos, tecnol\u00f3gicos e\/ou de inova\u00e7\u00e3o"},"content":{"rendered":"<p>O Minist\u00e9rio da Ci\u00eancia, Tecnologia, Inova\u00e7\u00f5es e Comunica\u00e7\u00e3o (MCTIC), o Conselho Nacional de Desenvolvimento Cient\u00edfico e Tecnol\u00f3gico (CNPq), a Financiadora de Estudos e Projetos (Finep) e o Fundo Nacional de Desenvolvimento Cient\u00edfico e Tecnol\u00f3gico (FNDCT) informam que est\u00e1 aberto, at\u00e9 o dia 10 de julho, o per\u00edodo para submiss\u00f5es ao aux\u00edlio \u00e0 promo\u00e7\u00e3o de eventos cient\u00edficos, tecnol\u00f3gicos e\/ou de inova\u00e7\u00e3o (ARC).<\/p>\n<p>O objetivo do projeto \u00e9 apoiar eventos regionais, nacionais ou mundiais, como congressos, simp\u00f3sios, workshops, semin\u00e1rios, ciclos de confer\u00eancias e outros eventos similares relacionados \u00e0 Ci\u00eancia, Tecnologia e Inova\u00e7\u00e3o que visam contribuir significativamente para o desenvolvimento cient\u00edfico e tecnol\u00f3gico e a inova\u00e7\u00e3o do Pa\u00eds.<\/p>\n<p>Podem ser submetidos ao programa eventos que ser\u00e3o realizados no per\u00edodo de 1\/1\/2018 a 30\/6\/2018 e que se incluem nas seguintes linhas de pesquisa:<\/p>\n<p>Linha 1: destina-se a apoiar eventos nacionais ou internacionais tradicionais da \u00e1rea, promovidos por sociedades ou associa\u00e7\u00f5es cient\u00edficas e\/ou tecnol\u00f3gicas ou eventos que sejam realizados periodicamente e que tenham abrang\u00eancia nacional ou internacional;<\/p>\n<p>Linha 2: destina-se a apoiar eventos de abrang\u00eancia regional, promovidos por sociedades ou associa\u00e7\u00f5es cient\u00edficas e\/ou tecnol\u00f3gicas, ou eventos que estejam em suas primeiras edi\u00e7\u00f5es (com hist\u00f3rico inferior a 10 anos).<\/p>\n<p>Eventos que ser\u00e3o realizados entre 1\/7\/2018 a 30\/6\/2019 tamb\u00e9m podem ser inscritos, desde que atendam aos requisitos da linha 3:<\/p>\n<p>LINHA 3: Destina-se a apoiar eventos mundiais que ser\u00e3o realizados no Brasil. Para esta chamada, ser\u00e3o considerados como eventos mundiais aqueles promovidos por sociedades ou associa\u00e7\u00f5es cient\u00edficas e\/ou tecnol\u00f3gicas mundiais, sediadas ou n\u00e3o no Brasil, que, a cada edi\u00e7\u00e3o, ocorrem periodicamente em diferentes pa\u00edses e que ser\u00e3o realizados no Brasil.<\/p>\n<p>O apoio a um evento mundial poder\u00e1 ser solicitado, nesta linha, em duas ocasi\u00f5es distintas: previamente \u00e0 realiza\u00e7\u00e3o do evento para custear despesas relacionadas \u00e0 sua organiza\u00e7\u00e3o e quando da realiza\u00e7\u00e3o do evento propriamente dita.<\/p>\n<p>Todas as propostas dever\u00e3o ser encaminhadas ao CNPq exclusivamente pela internet, utilizando&nbsp;o formul\u00e1rio de propostas <em>online<\/em>, dispon\u00edvel na <a href=\"http:\/\/carloschagas.cnpq.br\/\">Plataforma Carlos Chagas<\/a>.<\/p>\n<p>Para todas as submiss\u00f5es, o interessado deve ter seu curr\u00edculo cadastrado na plataforma Lattes, atualizado at\u00e9 a data limite para submiss\u00e3o, al\u00e9m de possuir o t\u00edtulo de doutor, ser o coordenador do projeto e participar formalmente da comiss\u00e3o organizadora do evento. \u00c9 necess\u00e1rio tamb\u00e9m ter v\u00ednculo formal com a institui\u00e7\u00e3o promotora ou colaboradora do evento.<\/p>\n<p>A equipe t\u00e9cnica poder\u00e1 ser constitu\u00edda por pesquisadores, alunos e t\u00e9cnicos. Outros profissionais poder\u00e3o integrar a equipe na qualidade de colaboradores. Somente dever\u00e3o ser inclu\u00eddos na equipe aqueles que tenham prestado anu\u00eancia formal escrita.<\/p>\n<p>Em rela\u00e7\u00e3o \u00e0 entidade executora do projeto, pode ser nacional ou internacional, desde que seja uma Institui\u00e7\u00e3o Cient\u00edfica, Tecnol\u00f3gica e de Inova\u00e7\u00e3o (ICT) cadastrada no Diret\u00f3rio de Institui\u00e7\u00f5es do CNPq.<\/p>\n<p>As propostas aprovadas ser\u00e3o financiadas com recursos no valor total de R$ 17.000.000,00 oriundos do or\u00e7amento do CNPq e do FNDCT\/Fundos Setoriais a serem liberados de acordo com a disponibilidade or\u00e7ament\u00e1ria e financeira no CNPq.<strong>&nbsp;<\/strong><\/p>\n<p>Identificada a conveni\u00eancia e a oportunidade e havendo disponibilidade de recursos adicionais para esta chamada, em qualquer fase, o CNPq e os parceiros poder\u00e3o decidir por suplementar os projetos contratados e\/ou aprovar novos projetos.<\/p>\n<p>Recomenda-se o envio das propostas com anteced\u00eancia, uma vez que o CNPq n\u00e3o se responsabilizar\u00e1 por aquelas n\u00e3o recebidas em decorr\u00eancia de eventuais problemas t\u00e9cnicos e de congestionamentos.<\/p>\n<p>Esclarecimentos e informa\u00e7\u00f5es adicionais acerca desta chamada podem ser obtidos pelo e-mail: atendimento@cnpq.br ou pelo telefone (61) 3211-4000.<\/p>\n<p><a href=\"http:\/\/www.ufla.br\/ascom\/wp-content\/uploads\/2017\/06\/CHAMADA.pdf\">Confira o edital completo aqui.<\/a><\/p>\n<h5>Panmela Oliveira &#8211; comunicadora e bolsista Dcom\/Fapemig<\/h5>\n","protected":false},"excerpt":{"rendered":"<p>O Minist\u00e9rio da Ci\u00eancia, Tecnologia, Inova\u00e7\u00f5es e Comunica\u00e7\u00e3o (MCTIC), o Conselho Nacional de Desenvolvimento Cient\u00edfico e Tecnol\u00f3gico (CNPq), a Financiadora de Estudos e Projetos (Finep) e o Fundo Nacional de Desenvolvimento Cient\u00edfico e Tecnol\u00f3gico (FNDCT) informam que est\u00e1 aberto, at\u00e9 o dia 10 de julho, o per\u00edodo para submiss\u00f5es ao aux\u00edlio \u00e0 promo\u00e7\u00e3o de eventos &hellip; <a href=\"https:\/\/www.ufla.br\/dcom\/2017\/06\/12\/chamada-aberta-para-programa-de-auxilio-a-promocao-de-eventos-cientificos-tecnologicos-eou-de-inovacao\/\" class=\"more-link\">Continue lendo <span class=\"screen-reader-text\">Chamada aberta para programa de aux\u00edlio \u00e0 promo\u00e7\u00e3o de eventos cient\u00edficos, tecnol\u00f3gicos e\/ou de inova\u00e7\u00e3o<\/span> <span class=\"meta-nav\">&rarr;<\/span><\/a><\/p>\n","protected":false},"author":20,"featured_media":0,"comment_status":"closed","ping_status":"closed","sticky":false,"template":"","format":"standard","meta":{"ngg_post_thumbnail":0,"footnotes":""},"categories":[1,10],"tags":[428,1911,1913,1912],"class_list":["post-132923","post","type-post","status-publish","format-standard","hentry","category-noticias","category-menores","tag-cnpq-2","tag-eventos-cientificos","tag-fndct","tag-mctic"],"_links":{"self":[{"href":"https:\/\/www.ufla.br\/dcom\/wp-json\/wp\/v2\/posts\/132923","targetHints":{"allow":["GET"]}}],"collection":[{"href":"https:\/\/www.ufla.br\/dcom\/wp-json\/wp\/v2\/posts"}],"about":[{"href":"https:\/\/www.ufla.br\/dcom\/wp-json\/wp\/v2\/types\/post"}],"author":[{"embeddable":true,"href":"https:\/\/www.ufla.br\/dcom\/wp-json\/wp\/v2\/users\/20"}],"replies":[{"embeddable":true,"href":"https:\/\/www.ufla.br\/dcom\/wp-json\/wp\/v2\/comments?post=132923"}],"version-history":[{"count":3,"href":"https:\/\/www.ufla.br\/dcom\/wp-json\/wp\/v2\/posts\/132923\/revisions"}],"predecessor-version":[{"id":133036,"href":"https:\/\/www.ufla.br\/dcom\/wp-json\/wp\/v2\/posts\/132923\/revisions\/133036"}],"wp:attachment":[{"href":"https:\/\/www.ufla.br\/dcom\/wp-json\/wp\/v2\/media?parent=132923"}],"wp:term":[{"taxonomy":"category","embeddable":true,"href":"https:\/\/www.ufla.br\/dcom\/wp-json\/wp\/v2\/categories?post=132923"},{"taxonomy":"post_tag","embeddable":true,"href":"https:\/\/www.ufla.br\/dcom\/wp-json\/wp\/v2\/tags?post=132923"}],"curies":[{"name":"wp","href":"https:\/\/api.w.org\/{rel}","templated":true}]}}