{"id":132713,"date":"2017-06-06T15:54:31","date_gmt":"2017-06-06T18:54:31","guid":{"rendered":"http:\/\/www.ufla.br\/ascom\/?p=132713"},"modified":"2017-06-27T14:51:59","modified_gmt":"2017-06-27T17:51:59","slug":"primeira-acao-do-projeto-os-trem-da-ciencia-alcanca-resultados-positivos","status":"publish","type":"post","link":"https:\/\/www.ufla.br\/dcom\/2017\/06\/06\/primeira-acao-do-projeto-os-trem-da-ciencia-alcanca-resultados-positivos\/","title":{"rendered":"Primeira a\u00e7\u00e3o do projeto \u201cOs \u2018trem\u2019 da ci\u00eancia\u201d alcan\u00e7a resultados positivos"},"content":{"rendered":"<figure id=\"attachment_132777\" aria-describedby=\"caption-attachment-132777\" style=\"width: 221px\" class=\"wp-caption alignright\"><a href=\"http:\/\/www.ufla.br\/ascom\/wp-content\/uploads\/2017\/06\/IMG_7181.jpg\"><img loading=\"lazy\" decoding=\"async\" class=\"wp-image-132777\" src=\"http:\/\/www.ufla.br\/ascom\/wp-content\/uploads\/2017\/06\/IMG_7181-249x166.jpg\" alt=\"\" width=\"221\" height=\"142\"><\/a><figcaption id=\"caption-attachment-132777\" class=\"wp-caption-text\">Professor Joaquim Quinteiro Uch\u00f4a<\/figcaption><\/figure>\n<p>O primeiro evento do projeto \u201cOs \u2018trem\u2019 da ci\u00eancia\u201d foi realizado na \u00faltima quarta-feira (31\/6) no restaurante Bar\u00e3o Steakhouse. Organizado pela equipe do projeto de extens\u00e3o A Magia da F\u00edsica e do Universo, da Universidade Federal de Lavras (UFLA), a a\u00e7\u00e3o tem como objetivo aproximar as pessoas do conhecimento cient\u00edfico, al\u00e9m de promover uma melhor intera\u00e7\u00e3o entre p\u00fablico e pesquisadores da Universidade, motivo pelo qual as a\u00e7\u00f5es ser\u00e3o sempre&nbsp;realizadas em locais descontra\u00eddos da cidade.&nbsp;<\/p>\n<p>\u201cPassado, presente e futuro da intelig\u00eancia artificial\u201d foi o tema da noite. O palestrante e professor do Departamento de Ci\u00eancia da Computa\u00e7\u00e3o (DCC) Joaquim Quinteiro Uch\u00f4a esclareceu sobre as vantagens, desvantagens, aplica\u00e7\u00f5es e perigos do uso da intelig\u00eancia artificial. Ele falou sobre a diferen\u00e7a entre a intelig\u00eancia artificial ligada&nbsp;ao trabalho com&nbsp;computadores e aquela que se refere&nbsp;\u00e0 imita\u00e7\u00e3o de&nbsp;seres humanos, conceito geralmente constru\u00eddo pelos filmes de Hollywood.<\/p>\n<p>O segundo palestrante,&nbsp;o professor do DCC Ahmed Ali Abdalla Esmin, explanou sobre as aplica\u00e7\u00f5es atuais da intelig\u00eancia artificial para benef\u00edcio dos seres humanos, como, por exemplo, o&nbsp;desenvolvimento de c\u00e2meras inteligentes que reconhecem espa\u00e7os vagos em estacionamentos sem a ajuda de instala\u00e7\u00f5es de sensores f\u00edsicos locais e a adapta\u00e7\u00e3o de casas inteligentes para pessoas com necessidades motoras especiais, entre outras utiliza\u00e7\u00f5es.<\/p>\n<p>Ahmed defende que o ensino da programa\u00e7\u00e3o computacional deve ser realizado desde a inf\u00e2ncia, devido ao est\u00e1gio evolucion\u00e1rio pelo qual os seres humanos est\u00e3o passando. Para ele, o uso adequado da intelig\u00eancia artificial faz dela um bem social.<\/p>\n<figure id=\"attachment_132776\" aria-describedby=\"caption-attachment-132776\" style=\"width: 268px\" class=\"wp-caption alignleft\"><a href=\"http:\/\/www.ufla.br\/ascom\/wp-content\/uploads\/2017\/06\/IMG_7184.jpg\"><img loading=\"lazy\" decoding=\"async\" class=\"wp-image-132776\" src=\"http:\/\/www.ufla.br\/ascom\/wp-content\/uploads\/2017\/06\/IMG_7184-249x166.jpg\" alt=\"\" width=\"268\" height=\"170\"><\/a><figcaption id=\"caption-attachment-132776\" class=\"wp-caption-text\">Professor Ahmed Ali Abdalla Esmin<\/figcaption><\/figure>\n<p>Professores da rede de ensino de Lavras, servidores da prefeitura e empreendedores&nbsp;foram convidados para participar do evento. Para uma das organizadoras, professora Karen Luz Burgoa Rosso, \u201co contato dos palestrantes com os professores foi essencial, pois foram discutidas ideias e sugest\u00f5es para implementar o ensino da intelig\u00eancia artificial nas escolas, um dos objetivos do projeto A Magia da F\u00edsica e do Universo\u201d.<\/p>\n<p>O evento teve, ainda, a participa\u00e7\u00e3o do pr\u00f3-reitor de Extens\u00e3o e Cultura da UFLA, professor Jo\u00e3o Jos\u00e9 Granate de S\u00e1 e Melo Marques; de professores e estudantes do Departamento de F\u00edsica; de servidores dos museus da UFLA;&nbsp;al\u00e9m de estudantes de diferentes cursos de gradua\u00e7\u00e3o da Universidade. &#8220;A iniciativa da equipe do projeto constituiu em uma forma muito eficaz de reunir as pessoas interessadas em fazer de Lavras e regi\u00e3o um local de vanguarda, voltado para o&nbsp;futuro, n\u00e3o somente tecnol\u00f3gico, mas tamb\u00e9m mais respons\u00e1vel socialmente e inclusivo&#8221;, avalia Karen. O objetivo \u00e9 que a a\u00e7\u00e3o ocorra uma vez por m\u00eas em diferentes locais da cidade.<\/p>\n<p>A condu\u00e7\u00e3o&nbsp;das atividades foi feita pelo professor do Departamento de F\u00edsica (DFI) Jose Nogales, que apresentou inicialmente as atividades desenvolvidas no projeto &#8220;A Magia da F\u00edsica e do Universo&#8221;, coordenado por ele,&nbsp;juntamente com a professora Karen. Ele tamb\u00e9m convidou o p\u00fablico para outras atividades programadas e&nbsp;agradeceu ao restaurante&nbsp;pela recep\u00e7\u00e3o ao evento e pelo apoio prestado \u00e0&nbsp;divulga\u00e7\u00e3o cient\u00edfica. O projeto desenvolve&nbsp;atividades para despertar a curiosidade e o interesse das pessoas para os fen\u00f4menos astron\u00f4micos. Criado em janeiro de 2009, integra tamb\u00e9m ensino e pesquisa cient\u00edfica e inclui atividades dirigidas a escolas da regi\u00e3o e \u00e0 popula\u00e7\u00e3o em geral. <a href=\"http:\/\/www.ufla.br\/ascom\/2017\/05\/05\/projeto-a-magia-da-fisica-e-do-universo-inicia-neste-sabado-65-atividades-do-periodo-20171\/\">Realiza aos s\u00e1bados a oficina Festa das Estrelas e \u00e0s quintas-feiras o encontro Cinema com Ci\u00eancia.<\/a><\/p>\n<p>O apoio \u00e0s atividades \u00e9 do Museu de Hist\u00f3ria Natural (MHN), do Departamentos de F\u00edsica (DFI), da Funda\u00e7\u00e3o de Amparo \u00e0 Pesquisa de Minas Gerais (Fapemig), do Conselho Nacional de Desenvolvimento Cient\u00edfico e Tecnol\u00f3gico (CNPq) e das&nbsp;pr\u00f3-reitorias de Assuntos Estudantis e Comunit\u00e1rios (Praec) e de Extens\u00e3o e Cultura (Proec).<\/p>\n<p>Acompanhe as informa\u00e7\u00f5es pelo <a href=\"https:\/\/magiadafisicaufla.wixsite.com\/os-trem-da-ciencia\">Blog do Projeto<\/a>.<\/p>\n<h5>Panmela Oliveira &#8211; comunicadora e bolsista Dcom\/Fapemig<\/h5>\n","protected":false},"excerpt":{"rendered":"<p>O primeiro evento do projeto \u201cOs \u2018trem\u2019 da ci\u00eancia\u201d foi realizado na \u00faltima quarta-feira (31\/6) no restaurante Bar\u00e3o Steakhouse. Organizado pela equipe do projeto de extens\u00e3o A Magia da F\u00edsica e do Universo, da Universidade Federal de Lavras (UFLA), a a\u00e7\u00e3o tem como objetivo aproximar as pessoas do conhecimento cient\u00edfico, al\u00e9m de promover uma melhor &hellip; <a href=\"https:\/\/www.ufla.br\/dcom\/2017\/06\/06\/primeira-acao-do-projeto-os-trem-da-ciencia-alcanca-resultados-positivos\/\" class=\"more-link\">Continue lendo <span class=\"screen-reader-text\">Primeira a\u00e7\u00e3o do projeto \u201cOs \u2018trem\u2019 da ci\u00eancia\u201d alcan\u00e7a resultados positivos<\/span> <span class=\"meta-nav\">&rarr;<\/span><\/a><\/p>\n","protected":false},"author":20,"featured_media":0,"comment_status":"closed","ping_status":"closed","sticky":false,"template":"","format":"standard","meta":{"ngg_post_thumbnail":0,"footnotes":""},"categories":[1,10],"tags":[1909,542,1908,13],"class_list":["post-132713","post","type-post","status-publish","format-standard","hentry","category-noticias","category-menores","tag-barao","tag-fisica","tag-os-trem-da-ciencia","tag-ufla"],"_links":{"self":[{"href":"https:\/\/www.ufla.br\/dcom\/wp-json\/wp\/v2\/posts\/132713","targetHints":{"allow":["GET"]}}],"collection":[{"href":"https:\/\/www.ufla.br\/dcom\/wp-json\/wp\/v2\/posts"}],"about":[{"href":"https:\/\/www.ufla.br\/dcom\/wp-json\/wp\/v2\/types\/post"}],"author":[{"embeddable":true,"href":"https:\/\/www.ufla.br\/dcom\/wp-json\/wp\/v2\/users\/20"}],"replies":[{"embeddable":true,"href":"https:\/\/www.ufla.br\/dcom\/wp-json\/wp\/v2\/comments?post=132713"}],"version-history":[{"count":10,"href":"https:\/\/www.ufla.br\/dcom\/wp-json\/wp\/v2\/posts\/132713\/revisions"}],"predecessor-version":[{"id":134283,"href":"https:\/\/www.ufla.br\/dcom\/wp-json\/wp\/v2\/posts\/132713\/revisions\/134283"}],"wp:attachment":[{"href":"https:\/\/www.ufla.br\/dcom\/wp-json\/wp\/v2\/media?parent=132713"}],"wp:term":[{"taxonomy":"category","embeddable":true,"href":"https:\/\/www.ufla.br\/dcom\/wp-json\/wp\/v2\/categories?post=132713"},{"taxonomy":"post_tag","embeddable":true,"href":"https:\/\/www.ufla.br\/dcom\/wp-json\/wp\/v2\/tags?post=132713"}],"curies":[{"name":"wp","href":"https:\/\/api.w.org\/{rel}","templated":true}]}}