{"id":132155,"date":"2017-05-19T09:46:50","date_gmt":"2017-05-19T12:46:50","guid":{"rendered":"http:\/\/www.ufla.br\/ascom\/?p=132155"},"modified":"2017-05-25T10:32:08","modified_gmt":"2017-05-25T13:32:08","slug":"vagas-disponiveis-para-consultas-odontologicas-na-proxima-semana","status":"publish","type":"post","link":"https:\/\/www.ufla.br\/dcom\/2017\/05\/19\/vagas-disponiveis-para-consultas-odontologicas-na-proxima-semana\/","title":{"rendered":"Vagas dispon\u00edveis para consultas odontol\u00f3gicas na pr\u00f3xima semana"},"content":{"rendered":"<p><a href=\"http:\/\/www.ufla.br\/ascom\/wp-content\/uploads\/2014\/12\/consultorio-odontologico-249x174.jpg\"><img loading=\"lazy\" decoding=\"async\" class=\" wp-image-77097 alignleft\" src=\"http:\/\/www.ufla.br\/ascom\/wp-content\/uploads\/2014\/12\/consultorio-odontologico-249x174.jpg\" alt=\"\" width=\"192\" height=\"134\"><\/a>A Pr\u00f3-Reitoria de Assuntos Estudantis e Comunit\u00e1rios (Praec) da Universidade Federal de Lavras (UFLA) informa as vagas dispon\u00edveis para consultas odontol\u00f3gicas no per\u00edodo de 22 a 26 de maio.&nbsp;As consultas s\u00e3o realizadas na&nbsp;Cl\u00ednica Odontol\u00f3gica<em>,<\/em>&nbsp;parceria entre a UFLA e o Centro Universit\u00e1rio de Lavras (Unilavras).<\/p>\n<p>As vagas ser\u00e3o distribu\u00eddas da seguinte maneira na pr\u00f3xima semana:<\/p>\n<ul>\n<li><strong>2(duas) vagas&nbsp;<\/strong>para estudantes em situa\u00e7\u00e3o de vulnerabilidade socioecon\u00f4mica ;<\/li>\n<li><strong>2 (duas) vagas&nbsp;<\/strong>para estudantes de gradua\u00e7\u00e3o;<\/li>\n<li><strong>1 (uma) vaga&nbsp;<\/strong>para estudante de p\u00f3s-gradua\u00e7\u00e3o;<\/li>\n<li><strong>1 (uma) vaga&nbsp;<\/strong>para servidor efetivo; e<\/li>\n<li><strong>1 (uma) vaga&nbsp;<\/strong>para servidor terceirizado.&nbsp;<\/li>\n<\/ul>\n<p><strong>Servi\u00e7o:<\/strong><\/p>\n<p>Telefone: (35) 3829-1132<br \/>\nE-mail: praecc@ufla.br<\/p>\n<p><strong>Camila Caetano &#8211; jornalista, bolsista Fapemig.&nbsp;<\/strong><\/p>\n","protected":false},"excerpt":{"rendered":"<p>A Pr\u00f3-Reitoria de Assuntos Estudantis e Comunit\u00e1rios (Praec) da Universidade Federal de Lavras (UFLA) informa as vagas dispon\u00edveis para consultas odontol\u00f3gicas no per\u00edodo de 22 a 26 de maio.&nbsp;As consultas s\u00e3o realizadas na&nbsp;Cl\u00ednica Odontol\u00f3gica,&nbsp;parceria entre a UFLA e o Centro Universit\u00e1rio de Lavras (Unilavras). As vagas ser\u00e3o distribu\u00eddas da seguinte maneira na pr\u00f3xima semana: 2(duas) &hellip; <a href=\"https:\/\/www.ufla.br\/dcom\/2017\/05\/19\/vagas-disponiveis-para-consultas-odontologicas-na-proxima-semana\/\" class=\"more-link\">Continue lendo <span class=\"screen-reader-text\">Vagas dispon\u00edveis para consultas odontol\u00f3gicas na pr\u00f3xima semana<\/span> <span class=\"meta-nav\">&rarr;<\/span><\/a><\/p>\n","protected":false},"author":26,"featured_media":0,"comment_status":"closed","ping_status":"closed","sticky":false,"template":"","format":"standard","meta":{"ngg_post_thumbnail":0,"footnotes":""},"categories":[1,10],"tags":[],"class_list":["post-132155","post","type-post","status-publish","format-standard","hentry","category-noticias","category-menores"],"_links":{"self":[{"href":"https:\/\/www.ufla.br\/dcom\/wp-json\/wp\/v2\/posts\/132155","targetHints":{"allow":["GET"]}}],"collection":[{"href":"https:\/\/www.ufla.br\/dcom\/wp-json\/wp\/v2\/posts"}],"about":[{"href":"https:\/\/www.ufla.br\/dcom\/wp-json\/wp\/v2\/types\/post"}],"author":[{"embeddable":true,"href":"https:\/\/www.ufla.br\/dcom\/wp-json\/wp\/v2\/users\/26"}],"replies":[{"embeddable":true,"href":"https:\/\/www.ufla.br\/dcom\/wp-json\/wp\/v2\/comments?post=132155"}],"version-history":[{"count":8,"href":"https:\/\/www.ufla.br\/dcom\/wp-json\/wp\/v2\/posts\/132155\/revisions"}],"predecessor-version":[{"id":132163,"href":"https:\/\/www.ufla.br\/dcom\/wp-json\/wp\/v2\/posts\/132155\/revisions\/132163"}],"wp:attachment":[{"href":"https:\/\/www.ufla.br\/dcom\/wp-json\/wp\/v2\/media?parent=132155"}],"wp:term":[{"taxonomy":"category","embeddable":true,"href":"https:\/\/www.ufla.br\/dcom\/wp-json\/wp\/v2\/categories?post=132155"},{"taxonomy":"post_tag","embeddable":true,"href":"https:\/\/www.ufla.br\/dcom\/wp-json\/wp\/v2\/tags?post=132155"}],"curies":[{"name":"wp","href":"https:\/\/api.w.org\/{rel}","templated":true}]}}