{"id":132150,"date":"2017-05-18T18:07:23","date_gmt":"2017-05-18T21:07:23","guid":{"rendered":"http:\/\/www.ufla.br\/ascom\/?p=132150"},"modified":"2017-06-20T17:52:30","modified_gmt":"2017-06-20T20:52:30","slug":"ufla-publica-edital-de-mudanca-interna-transferencia-externa-e-novo-titulo-para-20172","status":"publish","type":"post","link":"https:\/\/www.ufla.br\/dcom\/2017\/05\/18\/ufla-publica-edital-de-mudanca-interna-transferencia-externa-e-novo-titulo-para-20172\/","title":{"rendered":"Publicado edital de Mudan\u00e7a Interna, Transfer\u00eancia Externa e Novo T\u00edtulo para 2017\/2"},"content":{"rendered":"<p><strong><em>Per\u00edodo para solicitar isen\u00e7\u00e3o da taxa de inscri\u00e7\u00e3o vai de 24 a 26 de maio&nbsp;<\/em><\/strong><\/p>\n<p><a href=\"http:\/\/www.ufla.br\/ascom\/wp-content\/uploads\/2017\/02\/mudanca-interna-transferencia-novo-titulo.jpg\"><img loading=\"lazy\" decoding=\"async\" class=\"alignleft size-medium wp-image-127738\" src=\"http:\/\/www.ufla.br\/ascom\/wp-content\/uploads\/2017\/02\/mudanca-interna-transferencia-novo-titulo-249x166.jpg\" alt=\"\" width=\"249\" height=\"166\" srcset=\"https:\/\/www.ufla.br\/dcom\/wp-content\/uploads\/2017\/02\/mudanca-interna-transferencia-novo-titulo-249x166.jpg 249w, https:\/\/www.ufla.br\/dcom\/wp-content\/uploads\/2017\/02\/mudanca-interna-transferencia-novo-titulo-612x408.jpg 612w, https:\/\/www.ufla.br\/dcom\/wp-content\/uploads\/2017\/02\/mudanca-interna-transferencia-novo-titulo.jpg 750w\" sizes=\"auto, (max-width: 249px) 100vw, 249px\" \/><\/a>A Diretoria de Processos Seletivos da UFLA (Dips) publicou, no dia 18, o edital para Mudan\u00e7a Interna de Curso, Transfer\u00eancia Externa de Curso e Obten\u00e7\u00e3o de Novo T\u00edtulo, para o segundo per\u00edodo de 2017. O <a href=\"http:\/\/www.dips.ufla.br\/copese\/upload\/File\/2017_2\/TRANS_INT\/Edital_233_transferencia_interna.pdf\">Edital 233 Dips\/UFLA<\/a>, que rege os processos, prev\u00ea 723 vagas. Dessas, metade ser\u00e1 destinada para Mudan\u00e7a Interna; 35% para Transfer\u00eancia Externa; e 15% para Obten\u00e7\u00e3o de Novo T\u00edtulo.<\/p>\n<p>Para as tr\u00eas formas de ingresso, a classifica\u00e7\u00e3o dos candidatos ser\u00e1 baseada nas notas obtidas no Exame Nacional do Ensino M\u00e9dio (Enem), em exame realizado h\u00e1 no m\u00e1ximo cinco anos (de 2012 a 2016). Para a classifica\u00e7\u00e3o, ser\u00e3o obedecidos os pesos das \u00e1reas, deliberados pelos colegiados de cursos.<\/p>\n<p>O prazo para inscri\u00e7\u00f5es ir\u00e1 das 9 horas do dia 27 de maio \u00e0s 23h59 do dia 19 de junho de 2017. Como a forma de inscri\u00e7\u00e3o \u00e9 espec\u00edfica para cada modalidade, dever\u00e1 ser consultada no<a href=\"http:\/\/www.dips.ufla.br\/copese\/upload\/File\/2017_2\/TRANS_INT\/Edital_233_transferencia_interna.pdf\">&nbsp;Edital Dips 233\/2017<\/a>.<\/p>\n<p>A inscri\u00e7\u00e3o para a Mudan\u00e7a Interna dever\u00e1 ser feita em&nbsp;<a href=\"http:\/\/www.sig.ufla.br\/\">www.sig.ufla.br<\/a>. Para Transfer\u00eancia Externa e Obten\u00e7\u00e3o de Novo T\u00edtulo, a inscri\u00e7\u00e3o ser\u00e1 no endere\u00e7o&nbsp;<a href=\"http:\/\/www.dips.ufla.br\/\">www.dips.ufla.br<\/a>. Para estas duas \u00faltimas modalidades, h\u00e1 uma taxa de inscri\u00e7\u00e3o de R$ 60,00 (sessenta reais); por\u00e9m, a UFLA empregar\u00e1 os termos da Lei Federal 12.799\/13 para isen\u00e7\u00e3o da taxa de inscri\u00e7\u00e3o.<\/p>\n<p>Poder\u00e3o solicitar a isen\u00e7\u00e3o aqueles candidatos que comprovarem cumulativamente renda familiar per capita igual ou inferior a um sal\u00e1rio m\u00ednimo e meio e terem cursado o ensino m\u00e9dio completo em escola da rede p\u00fablica ou como bolsista integral em escola da rede privada. O per\u00edodo para solicitar a isen\u00e7\u00e3o ir\u00e1 das 9 horas do dia 24\/5 \u00e0s 23h59 do dia 26\/5\/2017. O requerimento ser\u00e1 disponibilizado em&nbsp;<a href=\"http:\/\/www.dips.ufla.br\/\">www.dips.ufla.br<\/a> e as normas para requisi\u00e7\u00e3o podem ser vistas no item 4.2.17 do edital.<\/p>\n<p>De acordo com o edital, a mudan\u00e7a interna de curso na UFLA ser\u00e1 concedida uma \u00fanica vez por estudante. No entanto, essa norma n\u00e3o se aplica para os alunos que tenham feito a mudan\u00e7a interna at\u00e9 o segundo per\u00edodo letivo de 2011.<\/p>\n<p>Os estudantes que ingressarem na UFLA por meio de Transfer\u00eancia Externa de Curso ou de Obten\u00e7\u00e3o de Novo T\u00edtulo n\u00e3o ter\u00e3o direito de concorrer \u00e0s vagas ofertadas por meio de mudan\u00e7a interna de curso; por\u00e9m, essa norma n\u00e3o se aplica aos estudantes que tenham ingressado na UFLA, por esses meios, at\u00e9 o primeiro per\u00edodo letivo de 2016.<\/p>\n<p>O resultado preliminar do processo seletivo, por forma de ingresso, ser\u00e1 publicado a partir do dia 10 de julho de 2017, em&nbsp;<a href=\"http:\/\/www.sig.ufla.br\/\">www.sig.ufla.br<\/a>&nbsp;(Mudan\u00e7a Interna) e&nbsp;<a href=\"http:\/\/www.dips.ufla.br\/\">www.dips.ufla.br<\/a> &nbsp;(Transfer\u00eancia Externa e Novo T\u00edtulo).<\/p>\n<p>Veja&nbsp;as vagas ofertadas por curso e outras informa\u00e7\u00f5es:<\/p>\n<p><a href=\"http:\/\/www.dips.ufla.br\/copese\/upload\/File\/2017_2\/TRANS_INT\/Edital_233_transferencia_interna.pdf\">Edital 233 \u2013 Dips\/UFLA (Mudan\u00e7a Interna, Transfer\u00eancia Externa e Obten\u00e7\u00e3o de Novo T\u00edtulo)<\/a><\/p>\n<p>&nbsp;<\/p>\n","protected":false},"excerpt":{"rendered":"<p>O Edital 233 Dips\/UFLA, que rege os processos, prev\u00ea 723 vagas. Dessas, metade ser\u00e1 destinada para Mudan\u00e7a Interna; 35% para Transfer\u00eancia Externa; e 15% para Obten\u00e7\u00e3o de Novo T\u00edtulo.<\/p>\n","protected":false},"author":27,"featured_media":0,"comment_status":"closed","ping_status":"closed","sticky":false,"template":"","format":"standard","meta":{"ngg_post_thumbnail":0,"footnotes":""},"categories":[1],"tags":[29,350,178,648,904,820],"class_list":["post-132150","post","type-post","status-publish","format-standard","hentry","category-noticias","tag-graduacao","tag-ingresso","tag-ingresso-na-ufla-2","tag-mudanca-interna","tag-novo-titulo","tag-transferencia-externa"],"_links":{"self":[{"href":"https:\/\/www.ufla.br\/dcom\/wp-json\/wp\/v2\/posts\/132150","targetHints":{"allow":["GET"]}}],"collection":[{"href":"https:\/\/www.ufla.br\/dcom\/wp-json\/wp\/v2\/posts"}],"about":[{"href":"https:\/\/www.ufla.br\/dcom\/wp-json\/wp\/v2\/types\/post"}],"author":[{"embeddable":true,"href":"https:\/\/www.ufla.br\/dcom\/wp-json\/wp\/v2\/users\/27"}],"replies":[{"embeddable":true,"href":"https:\/\/www.ufla.br\/dcom\/wp-json\/wp\/v2\/comments?post=132150"}],"version-history":[{"count":2,"href":"https:\/\/www.ufla.br\/dcom\/wp-json\/wp\/v2\/posts\/132150\/revisions"}],"predecessor-version":[{"id":132825,"href":"https:\/\/www.ufla.br\/dcom\/wp-json\/wp\/v2\/posts\/132150\/revisions\/132825"}],"wp:attachment":[{"href":"https:\/\/www.ufla.br\/dcom\/wp-json\/wp\/v2\/media?parent=132150"}],"wp:term":[{"taxonomy":"category","embeddable":true,"href":"https:\/\/www.ufla.br\/dcom\/wp-json\/wp\/v2\/categories?post=132150"},{"taxonomy":"post_tag","embeddable":true,"href":"https:\/\/www.ufla.br\/dcom\/wp-json\/wp\/v2\/tags?post=132150"}],"curies":[{"name":"wp","href":"https:\/\/api.w.org\/{rel}","templated":true}]}}