{"id":132126,"date":"2017-05-18T12:22:23","date_gmt":"2017-05-18T15:22:23","guid":{"rendered":"http:\/\/www.ufla.br\/ascom\/?p=132126"},"modified":"2017-05-19T17:43:09","modified_gmt":"2017-05-19T20:43:09","slug":"simposio-de-mecanizacao-da-lavoura-cafeeira-abre-expocafe-2017-confira-materia-da-tvu","status":"publish","type":"post","link":"https:\/\/www.ufla.br\/dcom\/2017\/05\/18\/simposio-de-mecanizacao-da-lavoura-cafeeira-abre-expocafe-2017-confira-materia-da-tvu\/","title":{"rendered":"Simp\u00f3sio de Mecaniza\u00e7\u00e3o da Lavoura Cafeeira abre Expocaf\u00e9 2017- confira mat\u00e9ria da TVU"},"content":{"rendered":"<p>A fazenda da Empresa de Pesquisa Agropecu\u00e1ria de Minas Gerais (Epamig), em Tr\u00eas Pontas, recebeu o 8\u00ba Simp\u00f3sio de Mecaniza\u00e7\u00e3o da Lavoura Cafeeira. O ciclo de palestras antecedeu a Expocaf\u00e9 2017 que teve in\u00edcio nesta quarta-feira (17\/5).&nbsp;<\/p>\n<p><strong>Confira a mat\u00e9ria da TVU:&nbsp;<\/strong><\/p>\n<div style=\"text-align: center;\">\n<p><iframe loading=\"lazy\" title=\"Simp\u00f3sio Expocaf\u00e9\" width=\"474\" height=\"267\" src=\"https:\/\/www.youtube.com\/embed\/UweaXAk2eZ0?feature=oembed\" frameborder=\"0\" allow=\"accelerometer; autoplay; clipboard-write; encrypted-media; gyroscope; picture-in-picture; web-share\" referrerpolicy=\"strict-origin-when-cross-origin\" allowfullscreen><\/iframe><\/p>\n<\/div>\n","protected":false},"excerpt":{"rendered":"<p>A fazenda da Empresa de Pesquisa Agropecu\u00e1ria de Minas Gerais (Epamig), em Tr\u00eas Pontas, recebeu o 8\u00ba Simp\u00f3sio de Mecaniza\u00e7\u00e3o da Lavoura Cafeeira. O ciclo de palestras antecedeu a Expocaf\u00e9 2017 que teve in\u00edcio nesta quarta-feira (17\/5).&nbsp; Confira a mat\u00e9ria da TVU:&nbsp;<\/p>\n","protected":false},"author":20,"featured_media":0,"comment_status":"closed","ping_status":"closed","sticky":false,"template":"","format":"standard","meta":{"ngg_post_thumbnail":0,"footnotes":""},"categories":[1,10],"tags":[],"class_list":["post-132126","post","type-post","status-publish","format-standard","hentry","category-noticias","category-menores"],"_links":{"self":[{"href":"https:\/\/www.ufla.br\/dcom\/wp-json\/wp\/v2\/posts\/132126","targetHints":{"allow":["GET"]}}],"collection":[{"href":"https:\/\/www.ufla.br\/dcom\/wp-json\/wp\/v2\/posts"}],"about":[{"href":"https:\/\/www.ufla.br\/dcom\/wp-json\/wp\/v2\/types\/post"}],"author":[{"embeddable":true,"href":"https:\/\/www.ufla.br\/dcom\/wp-json\/wp\/v2\/users\/20"}],"replies":[{"embeddable":true,"href":"https:\/\/www.ufla.br\/dcom\/wp-json\/wp\/v2\/comments?post=132126"}],"version-history":[{"count":2,"href":"https:\/\/www.ufla.br\/dcom\/wp-json\/wp\/v2\/posts\/132126\/revisions"}],"predecessor-version":[{"id":132128,"href":"https:\/\/www.ufla.br\/dcom\/wp-json\/wp\/v2\/posts\/132126\/revisions\/132128"}],"wp:attachment":[{"href":"https:\/\/www.ufla.br\/dcom\/wp-json\/wp\/v2\/media?parent=132126"}],"wp:term":[{"taxonomy":"category","embeddable":true,"href":"https:\/\/www.ufla.br\/dcom\/wp-json\/wp\/v2\/categories?post=132126"},{"taxonomy":"post_tag","embeddable":true,"href":"https:\/\/www.ufla.br\/dcom\/wp-json\/wp\/v2\/tags?post=132126"}],"curies":[{"name":"wp","href":"https:\/\/api.w.org\/{rel}","templated":true}]}}