{"id":131948,"date":"2017-05-11T11:28:06","date_gmt":"2017-05-11T14:28:06","guid":{"rendered":"http:\/\/www.ufla.br\/ascom\/?p=131948"},"modified":"2017-05-19T09:14:51","modified_gmt":"2017-05-19T12:14:51","slug":"professor-da-ufla-e-novo-membro-do-conselho-curador-da-fapemig","status":"publish","type":"post","link":"https:\/\/www.ufla.br\/dcom\/2017\/05\/11\/professor-da-ufla-e-novo-membro-do-conselho-curador-da-fapemig\/","title":{"rendered":"Professor da UFLA \u00e9 novo membro do Conselho Curador da Fapemig"},"content":{"rendered":"<figure id=\"attachment_131949\" aria-describedby=\"caption-attachment-131949\" style=\"width: 224px\" class=\"wp-caption alignleft\"><a href=\"http:\/\/www.ufla.br\/ascom\/wp-content\/uploads\/2017\/05\/bebeto.jpg\"><img loading=\"lazy\" decoding=\"async\" class=\"wp-image-131949\" src=\"http:\/\/www.ufla.br\/ascom\/wp-content\/uploads\/2017\/05\/bebeto-231x249.jpg\" alt=\"\" width=\"224\" height=\"241\" srcset=\"https:\/\/www.ufla.br\/dcom\/wp-content\/uploads\/2017\/05\/bebeto-231x249.jpg 231w, https:\/\/www.ufla.br\/dcom\/wp-content\/uploads\/2017\/05\/bebeto-111x120.jpg 111w, https:\/\/www.ufla.br\/dcom\/wp-content\/uploads\/2017\/05\/bebeto.jpg 600w\" sizes=\"auto, (max-width: 224px) 100vw, 224px\" \/><\/a><figcaption id=\"caption-attachment-131949\" class=\"wp-caption-text\">Cr\u00e9dito: Fapemig<\/figcaption><\/figure>\n<p>O professor Luiz Roberto Guimar\u00e3es Guilherme, da Universidade Federal de Lavras (UFLA), tomou posse como membro do Conselho Curador da Funda\u00e7\u00e3o de Amparo \u00e0 Pesquisa do Estado de Minas Gerais (Fapemig), em reuni\u00e3o ordin\u00e1ria realizada nessa ter\u00e7a-feira (9\/5). O mandato dos membros do Conselho \u00e9 de quatro anos.<\/p>\n<p>\u201cA filosofia \u00e9 voc\u00ea contribuir para a defini\u00e7\u00e3o de pol\u00edticas voltadas para Ci\u00eancia e Tecnologia no Estado, visando o bem estar da popula\u00e7\u00e3o. Podemos levar o nosso conhecimento, a contribui\u00e7\u00e3o do que a Universidade realiza, para aperfei\u00e7oar cada vez mais. \u00c9 muito importante que a Universidade possa participar da miss\u00e3o principal da Fapemig, que \u00e9 induzir e fomentar a pesquisa e a inova\u00e7\u00e3o cient\u00edfica e tecnol\u00f3gica para o desenvolvimento de Minas Gerais\u201d, ressalta o professor Luiz Roberto.<\/p>\n<p>O Conselho Curador \u00e9 o \u00f3rg\u00e3o colegiado de delibera\u00e7\u00e3o superior e de formula\u00e7\u00e3o de diretrizes da Fapemig. Definir a pol\u00edtica geral da Funda\u00e7\u00e3o, deliberar sobre o plano de a\u00e7\u00e3o e o or\u00e7amento anual da Fapemig, assim como sobre suas eventuais modifica\u00e7\u00f5es, e orientar a pol\u00edtica patrimonial e financeira da Funda\u00e7\u00e3o s\u00e3o algumas das atribui\u00e7\u00f5es do Conselho.<\/p>\n<p>Luiz Roberto \u00e9 engenheiro agr\u00f4nomo pela Escola Superior de Agricultura de Lavras (ESAL), fez mestrado em Solos e Nutri\u00e7\u00e3o de Plantas pela ESAL e possui Ph.D. em Ci\u00eancia do Solo, pela Universidade Estadual de Michigan e em Toxicologia Ambiental, pelo Instituto de Toxicologia Ambiental na <em>Michigan State University&#8217;s Center for Integrative Toxicology<\/em>, nos EUA. P\u00f3s-Doutorado na Universidade da Calif\u00f3rnia\/Riverside (EUA).<\/p>\n<p><strong>Camila Caetano &#8211; jornalista, bolsista Dcom\/Fapemig, com informa\u00e7\u00f5es da Fapemig.&nbsp;<\/strong><\/p>\n<p>&nbsp;<\/p>\n<p>&nbsp;<\/p>\n","protected":false},"excerpt":{"rendered":"<p>O professor Luiz Roberto Guimar\u00e3es Guilherme, da Universidade Federal de Lavras (UFLA), tomou posse como membro do Conselho Curador da Funda\u00e7\u00e3o de Amparo \u00e0 Pesquisa do Estado de Minas Gerais (Fapemig), em reuni\u00e3o ordin\u00e1ria realizada nessa ter\u00e7a-feira (9\/5). O mandato dos membros do Conselho \u00e9 de quatro anos. \u201cA filosofia \u00e9 voc\u00ea contribuir para a &hellip; <a href=\"https:\/\/www.ufla.br\/dcom\/2017\/05\/11\/professor-da-ufla-e-novo-membro-do-conselho-curador-da-fapemig\/\" class=\"more-link\">Continue lendo <span class=\"screen-reader-text\">Professor da UFLA \u00e9 novo membro do Conselho Curador da Fapemig<\/span> <span class=\"meta-nav\">&rarr;<\/span><\/a><\/p>\n","protected":false},"author":20,"featured_media":0,"comment_status":"closed","ping_status":"closed","sticky":false,"template":"","format":"standard","meta":{"ngg_post_thumbnail":0,"footnotes":""},"categories":[1,10],"tags":[],"class_list":["post-131948","post","type-post","status-publish","format-standard","hentry","category-noticias","category-menores"],"_links":{"self":[{"href":"https:\/\/www.ufla.br\/dcom\/wp-json\/wp\/v2\/posts\/131948","targetHints":{"allow":["GET"]}}],"collection":[{"href":"https:\/\/www.ufla.br\/dcom\/wp-json\/wp\/v2\/posts"}],"about":[{"href":"https:\/\/www.ufla.br\/dcom\/wp-json\/wp\/v2\/types\/post"}],"author":[{"embeddable":true,"href":"https:\/\/www.ufla.br\/dcom\/wp-json\/wp\/v2\/users\/20"}],"replies":[{"embeddable":true,"href":"https:\/\/www.ufla.br\/dcom\/wp-json\/wp\/v2\/comments?post=131948"}],"version-history":[{"count":1,"href":"https:\/\/www.ufla.br\/dcom\/wp-json\/wp\/v2\/posts\/131948\/revisions"}],"predecessor-version":[{"id":131950,"href":"https:\/\/www.ufla.br\/dcom\/wp-json\/wp\/v2\/posts\/131948\/revisions\/131950"}],"wp:attachment":[{"href":"https:\/\/www.ufla.br\/dcom\/wp-json\/wp\/v2\/media?parent=131948"}],"wp:term":[{"taxonomy":"category","embeddable":true,"href":"https:\/\/www.ufla.br\/dcom\/wp-json\/wp\/v2\/categories?post=131948"},{"taxonomy":"post_tag","embeddable":true,"href":"https:\/\/www.ufla.br\/dcom\/wp-json\/wp\/v2\/tags?post=131948"}],"curies":[{"name":"wp","href":"https:\/\/api.w.org\/{rel}","templated":true}]}}