{"id":13184,"date":"2012-08-20T16:08:01","date_gmt":"2012-08-20T19:08:01","guid":{"rendered":"http:\/\/www.ufla.br\/ascom\/?p=13184"},"modified":"2012-08-23T11:40:53","modified_gmt":"2012-08-23T14:40:53","slug":"ufla-divulga-resultado-do-mestrado-profissional-em-tecnologias-e-inovacoes-ambientais","status":"publish","type":"post","link":"https:\/\/www.ufla.br\/dcom\/2012\/08\/20\/ufla-divulga-resultado-do-mestrado-profissional-em-tecnologias-e-inovacoes-ambientais\/","title":{"rendered":"UFLA divulga resultado do Mestrado Profissional em Tecnologias e Inova\u00e7\u00f5es Ambientais"},"content":{"rendered":"<h6>Cibele Aguiar<\/h6>\n<p><a href=\"http:\/\/www.ufla.br\/ascom\/wp-content\/uploads\/2012\/08\/20.08-p\u00f3s-inova\u00e7\u00e3o.jpg\"><img loading=\"lazy\" decoding=\"async\" class=\"alignright size-medium wp-image-13185\" title=\"20.08 p\u00f3s inova\u00e7\u00e3o\" src=\"http:\/\/www.ufla.br\/ascom\/wp-content\/uploads\/2012\/08\/20.08-p\u00f3s-inova\u00e7\u00e3o-249x139.jpg\" alt=\"\" width=\"249\" height=\"139\" srcset=\"https:\/\/www.ufla.br\/dcom\/wp-content\/uploads\/2012\/08\/20.08-p\u00f3s-inova\u00e7\u00e3o-249x139.jpg 249w, https:\/\/www.ufla.br\/dcom\/wp-content\/uploads\/2012\/08\/20.08-p\u00f3s-inova\u00e7\u00e3o.jpg 354w\" sizes=\"auto, (max-width: 249px) 100vw, 249px\" \/><\/a>A Pr\u00f3-Reitoria de P\u00f3s-Gradua\u00e7\u00e3o da Universidade Federal de Lavras (PRPG\/UFLA) divulga o resultado final do Processo Seletivo do Programa de P\u00f3s-Gradua\u00e7\u00e3o em Tecnologias e Inova\u00e7\u00f5es Ambientais, modalidade Mestrado Profissional.<\/p>\n<p><a href=\"http:\/\/www.ufla.br\/ascom\/wp-content\/uploads\/2012\/08\/resultado-Tecnologia-e-Inova\u00e7\u00f5es-Ambientais.pdf\">Acesse a rela\u00e7\u00e3o dos selecionados<\/a><\/p>\n<p>O candidato selecionado dever\u00e1 ficar atento \u00e0 observ\u00e2ncia dos procedimentos e prazos estabelecidos, bem como a verifica\u00e7\u00e3o dos documentos exigidos para a matr\u00edcula, os respectivos hor\u00e1rios de atendimento na institui\u00e7\u00e3o e as normas estabelecidas. No ato da matr\u00edcula, o candidato selecionado dever\u00e1 apresentar a documenta\u00e7\u00e3o exigida pela Diretoria de Registro e Controle Acad\u00eamico (DRCA) <a href=\"http:\/\/www.drca.ufla.br\">www.drca.ufla.br<\/a> , inclusive o comprovante de cola\u00e7\u00e3o de grau exigido para a vaga.<\/p>\n<p><a href=\"http:\/\/www.ufla.br\/ascom\/wp-content\/uploads\/2012\/08\/SelecionadosPos20122.pdf\">Veja as instru\u00e7\u00f5es de matr\u00edcula<\/a><\/p>\n<p>&nbsp;<\/p>\n<p>&nbsp;<\/p>\n","protected":false},"excerpt":{"rendered":"<p>A Pr\u00f3-Reitoria de P\u00f3s-Gradua\u00e7\u00e3o da Universidade Federal de Lavras (PRPG\/UFLA) divulga o resultado final do Processo Seletivo do Programa de P\u00f3s-Gradua\u00e7\u00e3o (&#8230;)<\/p>\n","protected":false},"author":6,"featured_media":0,"comment_status":"closed","ping_status":"closed","sticky":false,"template":"","format":"standard","meta":{"ngg_post_thumbnail":0,"footnotes":""},"categories":[10],"tags":[15],"class_list":["post-13184","post","type-post","status-publish","format-standard","hentry","category-menores","tag-pos-graduacao"],"_links":{"self":[{"href":"https:\/\/www.ufla.br\/dcom\/wp-json\/wp\/v2\/posts\/13184","targetHints":{"allow":["GET"]}}],"collection":[{"href":"https:\/\/www.ufla.br\/dcom\/wp-json\/wp\/v2\/posts"}],"about":[{"href":"https:\/\/www.ufla.br\/dcom\/wp-json\/wp\/v2\/types\/post"}],"author":[{"embeddable":true,"href":"https:\/\/www.ufla.br\/dcom\/wp-json\/wp\/v2\/users\/6"}],"replies":[{"embeddable":true,"href":"https:\/\/www.ufla.br\/dcom\/wp-json\/wp\/v2\/comments?post=13184"}],"version-history":[{"count":7,"href":"https:\/\/www.ufla.br\/dcom\/wp-json\/wp\/v2\/posts\/13184\/revisions"}],"predecessor-version":[{"id":13190,"href":"https:\/\/www.ufla.br\/dcom\/wp-json\/wp\/v2\/posts\/13184\/revisions\/13190"}],"wp:attachment":[{"href":"https:\/\/www.ufla.br\/dcom\/wp-json\/wp\/v2\/media?parent=13184"}],"wp:term":[{"taxonomy":"category","embeddable":true,"href":"https:\/\/www.ufla.br\/dcom\/wp-json\/wp\/v2\/categories?post=13184"},{"taxonomy":"post_tag","embeddable":true,"href":"https:\/\/www.ufla.br\/dcom\/wp-json\/wp\/v2\/tags?post=13184"}],"curies":[{"name":"wp","href":"https:\/\/api.w.org\/{rel}","templated":true}]}}