{"id":130168,"date":"2017-05-04T13:56:19","date_gmt":"2017-05-04T16:56:19","guid":{"rendered":"http:\/\/www.ufla.br\/ascom\/?p=130168"},"modified":"2017-05-08T17:11:03","modified_gmt":"2017-05-08T20:11:03","slug":"professores-da-ufla-ja-podem-se-inscrever-em-cursos-semipresenciais-sobre-plataforma-campus-virtual","status":"publish","type":"post","link":"https:\/\/www.ufla.br\/dcom\/2017\/05\/04\/professores-da-ufla-ja-podem-se-inscrever-em-cursos-semipresenciais-sobre-plataforma-campus-virtual\/","title":{"rendered":"Professores da UFLA j\u00e1 podem se inscrever em cursos semipresenciais sobre plataforma Campus Virtual"},"content":{"rendered":"<p><a href=\"http:\/\/www.ufla.br\/ascom\/wp-content\/uploads\/2017\/05\/campus-virtual.jpg\"><img loading=\"lazy\" decoding=\"async\" class=\"aligncenter size-large wp-image-130134\" src=\"http:\/\/www.ufla.br\/ascom\/wp-content\/uploads\/2017\/05\/campus-virtual-612x148.jpg\" alt=\"\" width=\"612\" height=\"148\" srcset=\"https:\/\/www.ufla.br\/dcom\/wp-content\/uploads\/2017\/05\/campus-virtual-612x148.jpg 612w, https:\/\/www.ufla.br\/dcom\/wp-content\/uploads\/2017\/05\/campus-virtual-249x60.jpg 249w, https:\/\/www.ufla.br\/dcom\/wp-content\/uploads\/2017\/05\/campus-virtual.jpg 621w\" sizes=\"auto, (max-width: 612px) 100vw, 612px\" \/><\/a>A Diretoria de Educa\u00e7\u00e3o a Dist\u00e2ncia (Dired), em parceria com a Diretoria de Avalia\u00e7\u00e3o e Desenvolvimento do Ensino (Dade), promove, at\u00e9 o final de julho, cursos semipresenciais para professores da Universidade Federal de Lavras (UFLA). O conte\u00fado tem o objetivo de capacitar os participantes para utiliza\u00e7\u00e3o qualificada dos recursos dispon\u00edveis na plataforma Campus Virtual.<\/p>\n<p>Ser\u00e3o seis ofertas do curso, em tr\u00eas per\u00edodos diferentes: 9\/5 a 30\/5; 7\/6 a 28\/6; e 6\/7 a 20\/7. Em cada oferta, haver\u00e1 tr\u00eas encontros presenciais. Os interessados em participar das atividades em maio j\u00e1 podem realizar inscri\u00e7\u00e3o pelo endere\u00e7o <a href=\"http:\/\/www.sig.ufla.br\">www.sig.ufla.br<\/a>. A Dade ser\u00e1 a respons\u00e1vel emiss\u00e3o dos certificados de participa\u00e7\u00e3o.<\/p>\n<p>Com a iniciativa, a Dired d\u00e1 prosseguimento aos trabalhos de expans\u00e3o e consolida\u00e7\u00e3o da plataforma Campus Virtual, garantindo a membros da comunidade acad\u00eamica a oportunidade para forma\u00e7\u00e3o continuada. As turmas foram organizadas em datas e hor\u00e1rios distintos, com a inten\u00e7\u00e3o de se atingir o maior n\u00famero de pessoas interessadas.<\/p>\n<p><a href=\"http:\/\/www.ufla.br\/ascom\/wp-content\/uploads\/2017\/05\/tabela-cursos-dired.jpg\"><img loading=\"lazy\" decoding=\"async\" class=\"aligncenter size-large wp-image-130169\" src=\"http:\/\/www.ufla.br\/ascom\/wp-content\/uploads\/2017\/05\/tabela-cursos-dired-612x255.jpg\" alt=\"\" width=\"612\" height=\"255\" srcset=\"https:\/\/www.ufla.br\/dcom\/wp-content\/uploads\/2017\/05\/tabela-cursos-dired-612x255.jpg 612w, https:\/\/www.ufla.br\/dcom\/wp-content\/uploads\/2017\/05\/tabela-cursos-dired-249x104.jpg 249w, https:\/\/www.ufla.br\/dcom\/wp-content\/uploads\/2017\/05\/tabela-cursos-dired-768x319.jpg 768w, https:\/\/www.ufla.br\/dcom\/wp-content\/uploads\/2017\/05\/tabela-cursos-dired.jpg 844w\" sizes=\"auto, (max-width: 612px) 100vw, 612px\" \/><\/a><\/p>\n<p>Para as turmas 1 e 2, os encontros presenciais ser\u00e3o realizados no Laborat\u00f3rio de Inform\u00e1tica do Departamento de Ci\u00eancia da Computa\u00e7\u00e3o (DCC). Para as turmas 3 e 4 e para as turmas 5 e 6, os encontros presenciais ser\u00e3o realizados na sala 2 do N\u00facleo de Educa\u00e7\u00e3o Continuada (NEC\/Dired), no C\u00e2mpus Hist\u00f3rico da UFLA.<\/p>\n<p>As inscri\u00e7\u00f5es para as turmas 3 a 6 ser\u00e3o abertas posteriormente.<\/p>\n","protected":false},"excerpt":{"rendered":"<p>A Diretoria de Educa\u00e7\u00e3o a Dist\u00e2ncia (Dired), em parceria com a Diretoria de Avalia\u00e7\u00e3o e Desenvolvimento do Ensino (Dade), promove, at\u00e9 o final de julho, cursos semipresenciais para professores da Universidade Federal de Lavras (UFLA). O conte\u00fado tem o objetivo de capacitar os participantes para utiliza\u00e7\u00e3o qualificada dos recursos dispon\u00edveis na plataforma Campus Virtual. Ser\u00e3o &hellip; <a href=\"https:\/\/www.ufla.br\/dcom\/2017\/05\/04\/professores-da-ufla-ja-podem-se-inscrever-em-cursos-semipresenciais-sobre-plataforma-campus-virtual\/\" class=\"more-link\">Continue lendo <span class=\"screen-reader-text\">Professores da UFLA j\u00e1 podem se inscrever em cursos semipresenciais sobre plataforma Campus Virtual<\/span> <span class=\"meta-nav\">&rarr;<\/span><\/a><\/p>\n","protected":false},"author":28,"featured_media":0,"comment_status":"closed","ping_status":"closed","sticky":false,"template":"","format":"standard","meta":{"ngg_post_thumbnail":0,"footnotes":""},"categories":[1,10],"tags":[1894],"class_list":["post-130168","post","type-post","status-publish","format-standard","hentry","category-noticias","category-menores","tag-plataforma-campus-virtual"],"_links":{"self":[{"href":"https:\/\/www.ufla.br\/dcom\/wp-json\/wp\/v2\/posts\/130168","targetHints":{"allow":["GET"]}}],"collection":[{"href":"https:\/\/www.ufla.br\/dcom\/wp-json\/wp\/v2\/posts"}],"about":[{"href":"https:\/\/www.ufla.br\/dcom\/wp-json\/wp\/v2\/types\/post"}],"author":[{"embeddable":true,"href":"https:\/\/www.ufla.br\/dcom\/wp-json\/wp\/v2\/users\/28"}],"replies":[{"embeddable":true,"href":"https:\/\/www.ufla.br\/dcom\/wp-json\/wp\/v2\/comments?post=130168"}],"version-history":[{"count":2,"href":"https:\/\/www.ufla.br\/dcom\/wp-json\/wp\/v2\/posts\/130168\/revisions"}],"predecessor-version":[{"id":130171,"href":"https:\/\/www.ufla.br\/dcom\/wp-json\/wp\/v2\/posts\/130168\/revisions\/130171"}],"wp:attachment":[{"href":"https:\/\/www.ufla.br\/dcom\/wp-json\/wp\/v2\/media?parent=130168"}],"wp:term":[{"taxonomy":"category","embeddable":true,"href":"https:\/\/www.ufla.br\/dcom\/wp-json\/wp\/v2\/categories?post=130168"},{"taxonomy":"post_tag","embeddable":true,"href":"https:\/\/www.ufla.br\/dcom\/wp-json\/wp\/v2\/tags?post=130168"}],"curies":[{"name":"wp","href":"https:\/\/api.w.org\/{rel}","templated":true}]}}