{"id":130133,"date":"2017-05-03T18:03:14","date_gmt":"2017-05-03T21:03:14","guid":{"rendered":"http:\/\/www.ufla.br\/ascom\/?p=130133"},"modified":"2017-05-05T16:29:02","modified_gmt":"2017-05-05T19:29:02","slug":"dired-oferece-curso-aos-calouros-sobre-a-plataforma-campus-virtual","status":"publish","type":"post","link":"https:\/\/www.ufla.br\/dcom\/2017\/05\/03\/dired-oferece-curso-aos-calouros-sobre-a-plataforma-campus-virtual\/","title":{"rendered":"Dired oferece curso aos calouros sobre a plataforma Campus Virtual"},"content":{"rendered":"<p><a href=\"http:\/\/www.ufla.br\/ascom\/wp-content\/uploads\/2017\/05\/campus-virtual.jpg\"><img loading=\"lazy\" decoding=\"async\" class=\"aligncenter wp-image-130134 size-large\" src=\"http:\/\/www.ufla.br\/ascom\/wp-content\/uploads\/2017\/05\/campus-virtual-612x148.jpg\" alt=\"\" width=\"612\" height=\"148\" srcset=\"https:\/\/www.ufla.br\/dcom\/wp-content\/uploads\/2017\/05\/campus-virtual-612x148.jpg 612w, https:\/\/www.ufla.br\/dcom\/wp-content\/uploads\/2017\/05\/campus-virtual-249x60.jpg 249w, https:\/\/www.ufla.br\/dcom\/wp-content\/uploads\/2017\/05\/campus-virtual.jpg 621w\" sizes=\"auto, (max-width: 612px) 100vw, 612px\" \/><\/a><\/p>\n<p>Com o objetivo de apoiar os estudantes da Universidade Federal de Lavras (UFLA), a Diretoria de Educa\u00e7\u00e3o a Dist\u00e2ncia (Dired) oferece aos calouros um curso livre, aberto a todos os ingressantes, sobre como manusear as ferramentas dispon\u00edveis na plataforma Campus Virtual.<\/p>\n<p>O acesso ao&nbsp;Curso&nbsp;Tutorial Campus Virtual&nbsp;\u00e9 feito na pr\u00f3pria plataforma Campus Virtual, no Espa\u00e7o de Estudantes. A senha para autoinscri\u00e7\u00e3o neste curso \u00e9&nbsp;CV. O acesso \u00e0 plataforma Campus Virtual pode ser feito pelo endere\u00e7o <a href=\"http:\/\/campusvirtual.ufla.br\">http:\/\/campusvirtual.ufla.br<\/a>, com a mesma senha de acesso ao SIG.&nbsp;No per\u00edodo de 2\/5 a 31\/5, a Dired oferecer\u00e1 suporte <em>online<\/em> para sanar as principais d\u00favidas dos alunos. No entanto, os tutoriais e as instru\u00e7\u00f5es\/informa\u00e7\u00f5es&nbsp;ficar\u00e3o dispon\u00edveis durante todo o per\u00edodo.<\/p>\n<p>A plataforma <em>Campus<\/em> Virtual \u00e9 uma iniciativa da Pr\u00f3-reitoria de Gradua\u00e7\u00e3o (PRG), com apoio e suporte da Dired, que disponibliza para a comunidade acad\u00eamica espa\u00e7o no qual ficam dispon\u00edveis as salas de aulas virtuais de apoio a professores e estudantes durante a ministra\u00e7\u00e3o das disciplinas. A plataforma \u00e9 parte de um projeto que visa fomentar e oferecer apoio t\u00e9cnico-operacional \u00e0 utiliza\u00e7\u00e3o de metodologias ativas de aprendizagem, mediadas por tecnologias digitais de informa\u00e7\u00e3o e comunica\u00e7\u00e3o (TDIC).<\/p>\n","protected":false},"excerpt":{"rendered":"<p>Com o objetivo de apoiar os estudantes da Universidade Federal de Lavras (UFLA), a Diretoria de Educa\u00e7\u00e3o a Dist\u00e2ncia (Dired) oferece aos calouros um curso livre, aberto a todos os ingressantes, sobre como manusear as ferramentas dispon\u00edveis na plataforma Campus Virtual. O acesso ao&nbsp;Curso&nbsp;Tutorial Campus Virtual&nbsp;\u00e9 feito na pr\u00f3pria plataforma Campus Virtual, no Espa\u00e7o de &hellip; <a href=\"https:\/\/www.ufla.br\/dcom\/2017\/05\/03\/dired-oferece-curso-aos-calouros-sobre-a-plataforma-campus-virtual\/\" class=\"more-link\">Continue lendo <span class=\"screen-reader-text\">Dired oferece curso aos calouros sobre a plataforma Campus Virtual<\/span> <span class=\"meta-nav\">&rarr;<\/span><\/a><\/p>\n","protected":false},"author":28,"featured_media":0,"comment_status":"closed","ping_status":"closed","sticky":false,"template":"","format":"standard","meta":{"ngg_post_thumbnail":0,"footnotes":""},"categories":[1,10],"tags":[],"class_list":["post-130133","post","type-post","status-publish","format-standard","hentry","category-noticias","category-menores"],"_links":{"self":[{"href":"https:\/\/www.ufla.br\/dcom\/wp-json\/wp\/v2\/posts\/130133","targetHints":{"allow":["GET"]}}],"collection":[{"href":"https:\/\/www.ufla.br\/dcom\/wp-json\/wp\/v2\/posts"}],"about":[{"href":"https:\/\/www.ufla.br\/dcom\/wp-json\/wp\/v2\/types\/post"}],"author":[{"embeddable":true,"href":"https:\/\/www.ufla.br\/dcom\/wp-json\/wp\/v2\/users\/28"}],"replies":[{"embeddable":true,"href":"https:\/\/www.ufla.br\/dcom\/wp-json\/wp\/v2\/comments?post=130133"}],"version-history":[{"count":2,"href":"https:\/\/www.ufla.br\/dcom\/wp-json\/wp\/v2\/posts\/130133\/revisions"}],"predecessor-version":[{"id":130136,"href":"https:\/\/www.ufla.br\/dcom\/wp-json\/wp\/v2\/posts\/130133\/revisions\/130136"}],"wp:attachment":[{"href":"https:\/\/www.ufla.br\/dcom\/wp-json\/wp\/v2\/media?parent=130133"}],"wp:term":[{"taxonomy":"category","embeddable":true,"href":"https:\/\/www.ufla.br\/dcom\/wp-json\/wp\/v2\/categories?post=130133"},{"taxonomy":"post_tag","embeddable":true,"href":"https:\/\/www.ufla.br\/dcom\/wp-json\/wp\/v2\/tags?post=130133"}],"curies":[{"name":"wp","href":"https:\/\/api.w.org\/{rel}","templated":true}]}}