{"id":130095,"date":"2017-05-03T15:12:11","date_gmt":"2017-05-03T18:12:11","guid":{"rendered":"http:\/\/www.ufla.br\/ascom\/?p=130095"},"modified":"2017-05-05T10:08:45","modified_gmt":"2017-05-05T13:08:45","slug":"incluida-no-organograma-da-ufla-pro-reitoria-de-infraestrutura-e-logistica","status":"publish","type":"post","link":"https:\/\/www.ufla.br\/dcom\/2017\/05\/03\/incluida-no-organograma-da-ufla-pro-reitoria-de-infraestrutura-e-logistica\/","title":{"rendered":"Inclu\u00edda no organograma da UFLA a Pr\u00f3-Reitoria de Infraestrutura e Log\u00edstica"},"content":{"rendered":"<p><a href=\"http:\/\/www.ufla.br\/ascom\/wp-content\/uploads\/2016\/09\/ufla-logo-viagem.jpg\"><img loading=\"lazy\" decoding=\"async\" class=\"alignleft size-medium wp-image-124109\" src=\"http:\/\/www.ufla.br\/ascom\/wp-content\/uploads\/2016\/09\/ufla-logo-viagem-249x165.jpg\" alt=\"\" width=\"249\" height=\"165\" srcset=\"https:\/\/www.ufla.br\/dcom\/wp-content\/uploads\/2016\/09\/ufla-logo-viagem-249x165.jpg 249w, https:\/\/www.ufla.br\/dcom\/wp-content\/uploads\/2016\/09\/ufla-logo-viagem-768x508.jpg 768w, https:\/\/www.ufla.br\/dcom\/wp-content\/uploads\/2016\/09\/ufla-logo-viagem-612x405.jpg 612w, https:\/\/www.ufla.br\/dcom\/wp-content\/uploads\/2016\/09\/ufla-logo-viagem.jpg 887w\" sizes=\"auto, (max-width: 249px) 100vw, 249px\" \/><\/a>Foi criada na Universidade Federal de Lavras (UFLA) a Pr\u00f3-Reitoria de Infraestrutura e Log\u00edstica (Proinfra). O novo \u00f3rg\u00e3o absorve parte da estrutura anteriormente alocada na Pr\u00f3-Reitoria de Planejamento e Gest\u00e3o (Proplag).&nbsp; A medida foi aprovada na sess\u00e3o do Conselho Universit\u00e1rio (CUNI) de 4\/4 (Resolu\u00e7\u00e3o CUNI 019\/2017) e busca aperfei\u00e7oar a din\u00e2mica de atividades operacionais que atendem a todo o c\u00e2mpus.<\/p>\n<p>A Proinfra ser\u00e1 respons\u00e1vel por propor e desenvolver atividades relacionadas a obras, manuten\u00e7\u00e3o em geral, adequa\u00e7\u00e3o e reparo de infraestrutura, seguran\u00e7a, sa\u00fade comunit\u00e1ria, meio ambiente, transportes e log\u00edstica, servi\u00e7os de limpeza, urbaniza\u00e7\u00e3o e paisagismo. Compor\u00e3o o \u00d3rg\u00e3o as diretorias de Transportes e M\u00e1quinas; Meio Ambiente; Manuten\u00e7\u00e3o Predial e Vi\u00e1ria; al\u00e9m de&nbsp;Projetos e Fiscaliza\u00e7\u00e3o.<\/p>\n<p>O professor Jackson Antonio Barbosa, que anteriormente ocupava o cargo de prefeito do c\u00e2mpus, foi nomeado como pr\u00f3-reitor. Com a nova pr\u00f3-reitoria, as fun\u00e7\u00f5es da antiga prefeitura universit\u00e1ria passam a estar integradas na nova estrutura. De acordo com o reitor da UFLA, professor Jos\u00e9 Roberto Soares Scolforo, a cria\u00e7\u00e3o da Proinfra traz benef\u00edcios organizacionais, n\u00e3o exigindo aumento dos investimentos. \u201cA equipe ser\u00e1 formada por parte dos servidores que estavam envolvidos com as respectivas atividades, por\u00e9m com outra lota\u00e7\u00e3o. \u00c9 uma quest\u00e3o de melhor organiza\u00e7\u00e3o interna dos fluxos, que trar\u00e1 reflexos positivos para a comunidade acad\u00eamica\u201d, esclarece.<\/p>\n<p><a href=\"http:\/\/www.ufla.br\/portal\/wp-content\/uploads\/2011\/03\/Organograma-2016-04-04.pdf\">Acesse o organograma da UFLA, alterado ap\u00f3s a cria\u00e7\u00e3o da Proinfra<\/a>.<\/p>\n","protected":false},"excerpt":{"rendered":"<p>Foi criada na Universidade Federal de Lavras (UFLA) a Pr\u00f3-Reitoria de Infraestrutura e Log\u00edstica (Proinfra). O novo \u00f3rg\u00e3o absorve parte da estrutura anteriormente alocada na Pr\u00f3-Reitoria de Planejamento e Gest\u00e3o (Proplag).&nbsp; A medida foi aprovada na sess\u00e3o do Conselho Universit\u00e1rio (CUNI) de 4\/4 (Resolu\u00e7\u00e3o CUNI 019\/2017) e busca aperfei\u00e7oar a din\u00e2mica de atividades operacionais que &hellip; <a href=\"https:\/\/www.ufla.br\/dcom\/2017\/05\/03\/incluida-no-organograma-da-ufla-pro-reitoria-de-infraestrutura-e-logistica\/\" class=\"more-link\">Continue lendo <span class=\"screen-reader-text\">Inclu\u00edda no organograma da UFLA a Pr\u00f3-Reitoria de Infraestrutura e Log\u00edstica<\/span> <span class=\"meta-nav\">&rarr;<\/span><\/a><\/p>\n","protected":false},"author":28,"featured_media":0,"comment_status":"closed","ping_status":"closed","sticky":false,"template":"","format":"standard","meta":{"ngg_post_thumbnail":0,"footnotes":""},"categories":[1,10],"tags":[],"class_list":["post-130095","post","type-post","status-publish","format-standard","hentry","category-noticias","category-menores"],"_links":{"self":[{"href":"https:\/\/www.ufla.br\/dcom\/wp-json\/wp\/v2\/posts\/130095","targetHints":{"allow":["GET"]}}],"collection":[{"href":"https:\/\/www.ufla.br\/dcom\/wp-json\/wp\/v2\/posts"}],"about":[{"href":"https:\/\/www.ufla.br\/dcom\/wp-json\/wp\/v2\/types\/post"}],"author":[{"embeddable":true,"href":"https:\/\/www.ufla.br\/dcom\/wp-json\/wp\/v2\/users\/28"}],"replies":[{"embeddable":true,"href":"https:\/\/www.ufla.br\/dcom\/wp-json\/wp\/v2\/comments?post=130095"}],"version-history":[{"count":2,"href":"https:\/\/www.ufla.br\/dcom\/wp-json\/wp\/v2\/posts\/130095\/revisions"}],"predecessor-version":[{"id":130097,"href":"https:\/\/www.ufla.br\/dcom\/wp-json\/wp\/v2\/posts\/130095\/revisions\/130097"}],"wp:attachment":[{"href":"https:\/\/www.ufla.br\/dcom\/wp-json\/wp\/v2\/media?parent=130095"}],"wp:term":[{"taxonomy":"category","embeddable":true,"href":"https:\/\/www.ufla.br\/dcom\/wp-json\/wp\/v2\/categories?post=130095"},{"taxonomy":"post_tag","embeddable":true,"href":"https:\/\/www.ufla.br\/dcom\/wp-json\/wp\/v2\/tags?post=130095"}],"curies":[{"name":"wp","href":"https:\/\/api.w.org\/{rel}","templated":true}]}}