{"id":130067,"date":"2017-05-02T21:03:33","date_gmt":"2017-05-03T00:03:33","guid":{"rendered":"http:\/\/www.ufla.br\/ascom\/?p=130067"},"modified":"2017-05-05T08:39:44","modified_gmt":"2017-05-05T11:39:44","slug":"posse-quadro-de-servidores-da-ufla-tem-seu-primeiro-regente","status":"publish","type":"post","link":"https:\/\/www.ufla.br\/dcom\/2017\/05\/02\/posse-quadro-de-servidores-da-ufla-tem-seu-primeiro-regente\/","title":{"rendered":"Posses em abril: quadro de servidores da UFLA ganhou seu primeiro regente"},"content":{"rendered":"<figure id=\"attachment_130075\" aria-describedby=\"caption-attachment-130075\" style=\"width: 249px\" class=\"wp-caption alignleft\"><a href=\"http:\/\/www.ufla.br\/ascom\/wp-content\/uploads\/2017\/05\/posse-regente.png\"><img loading=\"lazy\" decoding=\"async\" class=\"wp-image-130075 size-medium\" src=\"http:\/\/www.ufla.br\/ascom\/wp-content\/uploads\/2017\/05\/posse-regente-249x196.png\" alt=\"\" width=\"249\" height=\"196\" srcset=\"https:\/\/www.ufla.br\/dcom\/wp-content\/uploads\/2017\/05\/posse-regente-249x196.png 249w, https:\/\/www.ufla.br\/dcom\/wp-content\/uploads\/2017\/05\/posse-regente-768x605.png 768w, https:\/\/www.ufla.br\/dcom\/wp-content\/uploads\/2017\/05\/posse-regente-612x482.png 612w, https:\/\/www.ufla.br\/dcom\/wp-content\/uploads\/2017\/05\/posse-regente.png 835w\" sizes=\"auto, (max-width: 249px) 100vw, 249px\" \/><\/a><figcaption id=\"caption-attachment-130075\" class=\"wp-caption-text\">Daniel (o quarto da esq. p\/ dir.) acompanhado da equipe da UFLA que conduziu sua posse &#8211; representantes da Reitoria, da Pr\u00f3-Reitoria de Gest\u00e3o e Desenvolvimento de Pessoas (PRGDP), da Pr\u00f3-Reitoria de Extens\u00e3o e Cultura (Proec) e da Comiss\u00e3o de \u00c9tica.<\/figcaption><\/figure>\n<p>Tomou posse na Universidade Federal de Lavras (UFLA) o primeiro regente a pertencer ao quadro de servidores da institui\u00e7\u00e3o. A formaliza\u00e7\u00e3o da posse ocorreu em 28\/4, no pr\u00e9dio da Reitoria. O m\u00fasico Daniel Paes de Barros Pinto assumir\u00e1 os trabalhos de reg\u00eancia do&nbsp;Coral Vozes do C\u00e2mpus, da Orquestra de C\u00e2mara da UFLA, bem como atuar\u00e1 em outros projetos na \u00e1rea .<\/p>\n<p>Durante os procedimentos de posse, a vice-reitora, professora \u00c9dila Vilela de Resende Von Pinho, ressaltou que as comunidades interna e externa \u00e0 institui\u00e7\u00e3o demandavam diariamente a possibilidade de dar prosseguimento aos ensaios e aos projetos. \u201cSua chegada foi muito esperada\u201d, disse a Daniel, \u201ce representa um passo importante da UFLA em prol da cultura, com vistas a beneficiar a pr\u00f3pria Universidade e tamb\u00e9m a cidade e a regi\u00e3o\u201d.<\/p>\n<p>Daniel \u00e9 formado em m\u00fasica, com habilita\u00e7\u00e3o em reg\u00eancia, pela Universidade de S\u00e3o Paulo (USP). Ele agradeceu a acolhida encontrada na UFLA e garantiu estar entusiasmado&nbsp;para o desafio de colaborar com o desenvolvimento da cultura na UFLA. \u201cEu me preparei a vida toda para colaborar com as pessoas, para prover acesso cultural \u00e0 comunidade. \u00c9 estimulante para mim estar em um local em que ser\u00e1 poss\u00edvel, inclusive, mensurar os efeitos desse trabalho.\u201d<\/p>\n<p>Em julho de 2016, foi formalizada uma&nbsp;<a href=\"http:\/\/www.ufla.br\/ascom\/2016\/07\/29\/policia-militar-e-ufla-fazem-parceria-para-regencia-temporaria-do-coral-e-orquestra\/\"><strong>parceria tempor\u00e1ria entre a UFLA e a Banda da 6\u00aa Regi\u00e3o da PMMG<\/strong><\/a>, para garantir o curso das atividades de reg\u00eancia do Coral e da Orquestra at\u00e9 que a Universidade nomeasse um regente por meio de concurso p\u00fablico \u2013 processo agora conclu\u00eddo.&nbsp;<\/p>\n<figure id=\"attachment_130076\" aria-describedby=\"caption-attachment-130076\" style=\"width: 249px\" class=\"wp-caption alignright\"><a href=\"http:\/\/www.ufla.br\/ascom\/wp-content\/uploads\/2017\/05\/posse-dois-servidores2.png\"><img loading=\"lazy\" decoding=\"async\" class=\"wp-image-130076 size-medium\" src=\"http:\/\/www.ufla.br\/ascom\/wp-content\/uploads\/2017\/05\/posse-dois-servidores2-249x156.png\" alt=\"\" width=\"249\" height=\"156\" srcset=\"https:\/\/www.ufla.br\/dcom\/wp-content\/uploads\/2017\/05\/posse-dois-servidores2-249x156.png 249w, https:\/\/www.ufla.br\/dcom\/wp-content\/uploads\/2017\/05\/posse-dois-servidores2-768x480.png 768w, https:\/\/www.ufla.br\/dcom\/wp-content\/uploads\/2017\/05\/posse-dois-servidores2-612x382.png 612w, https:\/\/www.ufla.br\/dcom\/wp-content\/uploads\/2017\/05\/posse-dois-servidores2.png 1109w\" sizes=\"auto, (max-width: 249px) 100vw, 249px\" \/><\/a><figcaption id=\"caption-attachment-130076\" class=\"wp-caption-text\">Os empossados em 26\/4 foram Maria Luiza e Geraldo (2\u00aa e 3\u00aa posi\u00e7\u00e3o na imagem, da esq. p\/ dir.).<\/figcaption><\/figure>\n<p><strong>Mais&nbsp;posses em abril&nbsp;<\/strong><\/p>\n<p>Al\u00e9m do regente, foram empossados tamb\u00e9m no m\u00eas de abril o t\u00e9cnico em agropecu\u00e1ria Geraldo Aparecido da Silva e a t\u00e9cnica de enfermagem Maria Luiza de Lima, que ficar\u00e3o lotados, respectivamente, no Departamento de Entomologia (DEN) na Pr\u00f3-Reitoria de Assuntos Estudantis e Comunt\u00e1rios (Praec). O ingresso de ambos ocorreu em 26\/4. Anteriormente, em 19\/4, a posse foi do bi\u00f3logo Dirceu de Sousa Melo, para atua\u00e7\u00e3o no Departamento de Biologia (DBI). Incluindo-se <a href=\"http:\/\/www.ufla.br\/ascom\/2017\/04\/06\/ufla-empossa-quatro-novos-servidores\/\">outras posses realizadas em 5\/4<\/a>, ao todo, a UFLA recebeu oito novos servidores em abril.<\/p>\n<p>&nbsp;<\/p>\n<figure id=\"attachment_130073\" aria-describedby=\"caption-attachment-130073\" style=\"width: 612px\" class=\"wp-caption aligncenter\"><a href=\"http:\/\/www.ufla.br\/ascom\/wp-content\/uploads\/2017\/05\/posse-dirceu.png\"><img loading=\"lazy\" decoding=\"async\" class=\"wp-image-130073 size-large\" src=\"http:\/\/www.ufla.br\/ascom\/wp-content\/uploads\/2017\/05\/posse-dirceu-612x484.png\" alt=\"\" width=\"612\" height=\"484\" srcset=\"https:\/\/www.ufla.br\/dcom\/wp-content\/uploads\/2017\/05\/posse-dirceu-612x484.png 612w, https:\/\/www.ufla.br\/dcom\/wp-content\/uploads\/2017\/05\/posse-dirceu-249x197.png 249w, https:\/\/www.ufla.br\/dcom\/wp-content\/uploads\/2017\/05\/posse-dirceu.png 631w\" sizes=\"auto, (max-width: 612px) 100vw, 612px\" \/><\/a><figcaption id=\"caption-attachment-130073\" class=\"wp-caption-text\">O bi\u00f3logo Dirceu (3\u00aa posi\u00e7\u00e3o da esq. p\/ dir.) acompanhado da equipe que o recebeu para a posse.<\/figcaption><\/figure>\n","protected":false},"excerpt":{"rendered":"<p>Tomou posse na Universidade Federal de Lavras (UFLA) o primeiro regente a pertencer ao quadro de servidores da institui\u00e7\u00e3o. A formaliza\u00e7\u00e3o da posse ocorreu em 28\/4, no pr\u00e9dio da Reitoria. O m\u00fasico Daniel Paes de Barros Pinto assumir\u00e1 os trabalhos de reg\u00eancia do&nbsp;Coral Vozes do C\u00e2mpus, da Orquestra de C\u00e2mara da UFLA, bem como atuar\u00e1 &hellip; <a href=\"https:\/\/www.ufla.br\/dcom\/2017\/05\/02\/posse-quadro-de-servidores-da-ufla-tem-seu-primeiro-regente\/\" class=\"more-link\">Continue lendo <span class=\"screen-reader-text\">Posses em abril: quadro de servidores da UFLA ganhou seu primeiro regente<\/span> <span class=\"meta-nav\">&rarr;<\/span><\/a><\/p>\n","protected":false},"author":28,"featured_media":0,"comment_status":"closed","ping_status":"closed","sticky":false,"template":"","format":"standard","meta":{"ngg_post_thumbnail":0,"footnotes":""},"categories":[10],"tags":[],"class_list":["post-130067","post","type-post","status-publish","format-standard","hentry","category-menores"],"_links":{"self":[{"href":"https:\/\/www.ufla.br\/dcom\/wp-json\/wp\/v2\/posts\/130067","targetHints":{"allow":["GET"]}}],"collection":[{"href":"https:\/\/www.ufla.br\/dcom\/wp-json\/wp\/v2\/posts"}],"about":[{"href":"https:\/\/www.ufla.br\/dcom\/wp-json\/wp\/v2\/types\/post"}],"author":[{"embeddable":true,"href":"https:\/\/www.ufla.br\/dcom\/wp-json\/wp\/v2\/users\/28"}],"replies":[{"embeddable":true,"href":"https:\/\/www.ufla.br\/dcom\/wp-json\/wp\/v2\/comments?post=130067"}],"version-history":[{"count":3,"href":"https:\/\/www.ufla.br\/dcom\/wp-json\/wp\/v2\/posts\/130067\/revisions"}],"predecessor-version":[{"id":130078,"href":"https:\/\/www.ufla.br\/dcom\/wp-json\/wp\/v2\/posts\/130067\/revisions\/130078"}],"wp:attachment":[{"href":"https:\/\/www.ufla.br\/dcom\/wp-json\/wp\/v2\/media?parent=130067"}],"wp:term":[{"taxonomy":"category","embeddable":true,"href":"https:\/\/www.ufla.br\/dcom\/wp-json\/wp\/v2\/categories?post=130067"},{"taxonomy":"post_tag","embeddable":true,"href":"https:\/\/www.ufla.br\/dcom\/wp-json\/wp\/v2\/tags?post=130067"}],"curies":[{"name":"wp","href":"https:\/\/api.w.org\/{rel}","templated":true}]}}