{"id":129704,"date":"2017-04-20T12:10:07","date_gmt":"2017-04-20T15:10:07","guid":{"rendered":"http:\/\/www.ufla.br\/ascom\/?p=129704"},"modified":"2017-04-25T09:14:21","modified_gmt":"2017-04-25T12:14:21","slug":"chuva-de-meteoros-podera-ser-observada-neste-feriadao-magia-da-fisica-comenta-o-fenomeno","status":"publish","type":"post","link":"https:\/\/www.ufla.br\/dcom\/2017\/04\/20\/chuva-de-meteoros-podera-ser-observada-neste-feriadao-magia-da-fisica-comenta-o-fenomeno\/","title":{"rendered":"Chuva de meteoros poder\u00e1 ser observada neste feriad\u00e3o \u2013 \u201cMagia da F\u00edsica\u201d comenta o fen\u00f4meno"},"content":{"rendered":"<figure id=\"attachment_129705\" aria-describedby=\"caption-attachment-129705\" style=\"width: 249px\" class=\"wp-caption alignleft\"><a href=\"http:\/\/www.ufla.br\/ascom\/wp-content\/uploads\/2017\/04\/lira-vega.png\"><img loading=\"lazy\" decoding=\"async\" class=\"size-medium wp-image-129705\" src=\"http:\/\/www.ufla.br\/ascom\/wp-content\/uploads\/2017\/04\/lira-vega-249x183.png\" alt=\"\" width=\"249\" height=\"183\" srcset=\"https:\/\/www.ufla.br\/dcom\/wp-content\/uploads\/2017\/04\/lira-vega-249x183.png 249w, https:\/\/www.ufla.br\/dcom\/wp-content\/uploads\/2017\/04\/lira-vega-768x564.png 768w, https:\/\/www.ufla.br\/dcom\/wp-content\/uploads\/2017\/04\/lira-vega-612x450.png 612w, https:\/\/www.ufla.br\/dcom\/wp-content\/uploads\/2017\/04\/lira-vega.png 818w\" sizes=\"auto, (max-width: 249px) 100vw, 249px\" \/><\/a><figcaption id=\"caption-attachment-129705\" class=\"wp-caption-text\">Localiza\u00e7\u00e3o da constela\u00e7\u00e3o Lira<\/figcaption><\/figure>\n<p>De 16 a 25 de abril, ocorre a primeira chuva de meteoros do ano favor\u00e1vel para observa\u00e7\u00e3o: a dos Meteoros Lir\u00eddeos, ou Chuvas Lir\u00eddeas, assim chamadas porque s\u00e3o observadas pr\u00f3ximo \u00e0 constela\u00e7\u00e3o Lira. Estima-se que o \u00e1pice dessa chuva ser\u00e1 na madrugada entre 21 e 22 de abril (da 1h \u00e0s 5h), com observa\u00e7\u00e3o de at\u00e9 20 meteoros por hora. \u201cSe voc\u00ea quiser observ\u00e1-los, \u00e9 recomendado olhar para a dire\u00e7\u00e3o Norte a partir da meia-noite, na regi\u00e3o pr\u00f3xima \u00e0 estrela Vega\u201d, aconselha o professor Jos\u00e9 Alberto Nogales, do Departamento de F\u00edsica da UFLA (<a href=\"http:\/\/www.dfi.ufla.br\/\">DFI<\/a>) e coordenador do projeto \u201cA Magia da F\u00edsica e do Universo\u201d.<\/p>\n<p>Localizar Vega n\u00e3o \u00e9 dif\u00edcil: pr\u00f3xima do Sistema Solar, \u00e9 a quinta mais brilhante do c\u00e9u e a mais brilhante da constela\u00e7\u00e3o. Fica na borda da Via L\u00e1ctea, pr\u00f3xima da constela\u00e7\u00e3o de Cisne. \u201cOs meteoros Lir\u00eddeos irradiam de um ponto pr\u00f3ximo de Vega todos os anos, e a fonte \u00e9 o cometa C\/1861 G1 Thatcher. O rastro de poeira que o cometa deixa para tr\u00e1s constitui essa chuva de meteoros\u201d, comenta o professor.<\/p>\n<p>Para a observa\u00e7\u00e3o da chuva de meteoros, n\u00e3o \u00e9 necess\u00e1rio o uso de instrumentos como telesc\u00f3pios ou bin\u00f3culos; bastar\u00e1 estar em um ambiente escuro, livre da polui\u00e7\u00e3o luminosa dos grandes centros. Outro conselho do professor Jos\u00e9 Nogales \u00e9 permanecer cerca de meia hora no local antes do in\u00edcio da chuva de meteoros, para que o olho se adapte e possa detectar meteoros menos brilhantes.<\/p>\n<p>Para o registro ou contagem, \u00e9 recomend\u00e1vel fotografar o c\u00e9u com c\u00e2meras equipadas com lentes grandes angulares, utilizando um trip\u00e9 e exposi\u00e7\u00f5es de longa dura\u00e7\u00e3o. Assim, \u00e9 poss\u00edvel registrar tra\u00e7os. Outro procedimento interessante \u00e9 sintonizar alguma r\u00e1dio FM fora do alcance: ao entrar na atmosfera, um meteorito ioniza uma camada de ar que reflete o sinal e \u00e9 capaz de fazer o r\u00e1dio captar a esta\u00e7\u00e3o. Outros meteoritos passam t\u00e3o baixo que chegam a produzir ru\u00eddos aud\u00edveis.<\/p>\n<p>&nbsp;<\/p>\n","protected":false},"excerpt":{"rendered":"<p>De 16 a 25 de abril, ocorre a primeira chuva de meteoros do ano favor\u00e1vel para observa\u00e7\u00e3o: a dos Meteoros Lir\u00eddeos, ou Chuvas Lir\u00eddeas, assim chamadas porque s\u00e3o observadas pr\u00f3ximo \u00e0 constela\u00e7\u00e3o Lira. Estima-se que o \u00e1pice dessa chuva ser\u00e1 na madrugada entre 21 e 22 de abril (da 1h \u00e0s 5h), com observa\u00e7\u00e3o de &hellip; <a href=\"https:\/\/www.ufla.br\/dcom\/2017\/04\/20\/chuva-de-meteoros-podera-ser-observada-neste-feriadao-magia-da-fisica-comenta-o-fenomeno\/\" class=\"more-link\">Continue lendo <span class=\"screen-reader-text\">Chuva de meteoros poder\u00e1 ser observada neste feriad\u00e3o \u2013 \u201cMagia da F\u00edsica\u201d comenta o fen\u00f4meno<\/span> <span class=\"meta-nav\">&rarr;<\/span><\/a><\/p>\n","protected":false},"author":27,"featured_media":0,"comment_status":"closed","ping_status":"closed","sticky":false,"template":"","format":"standard","meta":{"ngg_post_thumbnail":0,"footnotes":""},"categories":[1],"tags":[1347,831],"class_list":["post-129704","post","type-post","status-publish","format-standard","hentry","category-noticias","tag-astronomia","tag-magia-da-fisica"],"_links":{"self":[{"href":"https:\/\/www.ufla.br\/dcom\/wp-json\/wp\/v2\/posts\/129704","targetHints":{"allow":["GET"]}}],"collection":[{"href":"https:\/\/www.ufla.br\/dcom\/wp-json\/wp\/v2\/posts"}],"about":[{"href":"https:\/\/www.ufla.br\/dcom\/wp-json\/wp\/v2\/types\/post"}],"author":[{"embeddable":true,"href":"https:\/\/www.ufla.br\/dcom\/wp-json\/wp\/v2\/users\/27"}],"replies":[{"embeddable":true,"href":"https:\/\/www.ufla.br\/dcom\/wp-json\/wp\/v2\/comments?post=129704"}],"version-history":[{"count":1,"href":"https:\/\/www.ufla.br\/dcom\/wp-json\/wp\/v2\/posts\/129704\/revisions"}],"predecessor-version":[{"id":129706,"href":"https:\/\/www.ufla.br\/dcom\/wp-json\/wp\/v2\/posts\/129704\/revisions\/129706"}],"wp:attachment":[{"href":"https:\/\/www.ufla.br\/dcom\/wp-json\/wp\/v2\/media?parent=129704"}],"wp:term":[{"taxonomy":"category","embeddable":true,"href":"https:\/\/www.ufla.br\/dcom\/wp-json\/wp\/v2\/categories?post=129704"},{"taxonomy":"post_tag","embeddable":true,"href":"https:\/\/www.ufla.br\/dcom\/wp-json\/wp\/v2\/tags?post=129704"}],"curies":[{"name":"wp","href":"https:\/\/api.w.org\/{rel}","templated":true}]}}