{"id":128959,"date":"2017-03-31T08:33:13","date_gmt":"2017-03-31T11:33:13","guid":{"rendered":"http:\/\/www.ufla.br\/ascom\/?p=128959"},"modified":"2017-04-17T14:04:01","modified_gmt":"2017-04-17T17:04:01","slug":"ufla-na-midia-materia-na-eptv-mostra-o-trabalho-do-forum-sul-mineiro-de-educacao-infantil","status":"publish","type":"post","link":"https:\/\/www.ufla.br\/dcom\/2017\/03\/31\/ufla-na-midia-materia-na-eptv-mostra-o-trabalho-do-forum-sul-mineiro-de-educacao-infantil\/","title":{"rendered":"UFLA na M\u00eddia: EPTV mostra o trabalho do F\u00f3rum Sul Mineiro de Educa\u00e7\u00e3o Infantil"},"content":{"rendered":"<p><img loading=\"lazy\" decoding=\"async\" class=\" wp-image-128960 alignleft\" src=\"http:\/\/www.ufla.br\/ascom\/wp-content\/uploads\/2017\/03\/forum_eptv-249x133.jpg\" alt=\"\" width=\"245\" height=\"131\" srcset=\"https:\/\/www.ufla.br\/dcom\/wp-content\/uploads\/2017\/03\/forum_eptv-249x133.jpg 249w, https:\/\/www.ufla.br\/dcom\/wp-content\/uploads\/2017\/03\/forum_eptv-768x409.jpg 768w, https:\/\/www.ufla.br\/dcom\/wp-content\/uploads\/2017\/03\/forum_eptv-612x326.jpg 612w, https:\/\/www.ufla.br\/dcom\/wp-content\/uploads\/2017\/03\/forum_eptv.jpg 855w\" sizes=\"auto, (max-width: 245px) 100vw, 245px\" \/>A Universidade Federal de Lavras (UFLA) sediou nesta quinta-feira (30\/3) o 125\u00ba F\u00f3rum Sul Mineiro de Educa\u00e7\u00e3o Infantil. Em mais uma edi\u00e7\u00e3o, o evento teve ampla representatividade, com a participa\u00e7\u00e3o de profissionais de 27 cidades mineiras. Na ocasi\u00e3o, houve o lan\u00e7amento do&nbsp;livro \u201cBorbulhando enfrentamentos \u00e0s viol\u00eancias sexuais nas inf\u00e2ncias no sul de Minas Gerais\u201d.<\/p>\n<p>A equipe da EPTV\/Sul de Minas esteve na UFLA na cobertura do evento. Durante a mat\u00e9ria foi apresentado o trabalho realizado pelo F\u00f3rum e a sua import\u00e2ncia na educa\u00e7\u00e3o infantil. \u201cUm encontro para debater como a escola e educadores podem ajudar as crian\u00e7as v\u00edtimas de viol\u00eancias\u201d- trecho da mat\u00e9ria.<\/p>\n<p><a href=\"http:\/\/g1.globo.com\/mg\/sul-de-minas\/jornal-da-eptv-2edicao\/videos\/t\/edicoes\/v\/forum-sul-mineiro-de-educacao-infantil-discute-violencia-sexual-contra-criancas\/5765632\/\">Clique aqui para assistir a mat\u00e9ria exibida no jornal da EPTV desta quinta-feira (30\/3), 2\u00aa edi\u00e7\u00e3o.<\/a><\/p>\n<p><a href=\"http:\/\/www.ufla.br\/ascom\/2017\/03\/30\/ufla-sedia-o-forum-sul-mineiro-de-educacao-infantil-com-lancamento-do-livro-borbulhando-enfrentamentos-as-violencias-sexuais-nas-infancias\/\">Clique aqui para ler a mat\u00e9ria da cobertura do evento pela DCOM<\/a><\/p>\n<p><strong>Camila Caetano, jornalista-bolsista DCOM\/Fapemig.&nbsp;<\/strong><\/p>\n","protected":false},"excerpt":{"rendered":"<p>A Universidade Federal de Lavras (UFLA) sediou nesta quinta-feira (30\/3) o 125\u00ba F\u00f3rum Sul Mineiro de Educa\u00e7\u00e3o Infantil. Em mais uma edi\u00e7\u00e3o, o evento teve ampla representatividade, com a participa\u00e7\u00e3o de profissionais de 27 cidades mineiras. Na ocasi\u00e3o, houve o lan\u00e7amento do&nbsp;livro \u201cBorbulhando enfrentamentos \u00e0s viol\u00eancias sexuais nas inf\u00e2ncias no sul de Minas Gerais\u201d. A &hellip; <a href=\"https:\/\/www.ufla.br\/dcom\/2017\/03\/31\/ufla-na-midia-materia-na-eptv-mostra-o-trabalho-do-forum-sul-mineiro-de-educacao-infantil\/\" class=\"more-link\">Continue lendo <span class=\"screen-reader-text\">UFLA na M\u00eddia: EPTV mostra o trabalho do F\u00f3rum Sul Mineiro de Educa\u00e7\u00e3o Infantil<\/span> <span class=\"meta-nav\">&rarr;<\/span><\/a><\/p>\n","protected":false},"author":20,"featured_media":0,"comment_status":"closed","ping_status":"closed","sticky":false,"template":"","format":"standard","meta":{"ngg_post_thumbnail":0,"footnotes":""},"categories":[10],"tags":[],"class_list":["post-128959","post","type-post","status-publish","format-standard","hentry","category-menores"],"_links":{"self":[{"href":"https:\/\/www.ufla.br\/dcom\/wp-json\/wp\/v2\/posts\/128959","targetHints":{"allow":["GET"]}}],"collection":[{"href":"https:\/\/www.ufla.br\/dcom\/wp-json\/wp\/v2\/posts"}],"about":[{"href":"https:\/\/www.ufla.br\/dcom\/wp-json\/wp\/v2\/types\/post"}],"author":[{"embeddable":true,"href":"https:\/\/www.ufla.br\/dcom\/wp-json\/wp\/v2\/users\/20"}],"replies":[{"embeddable":true,"href":"https:\/\/www.ufla.br\/dcom\/wp-json\/wp\/v2\/comments?post=128959"}],"version-history":[{"count":4,"href":"https:\/\/www.ufla.br\/dcom\/wp-json\/wp\/v2\/posts\/128959\/revisions"}],"predecessor-version":[{"id":128964,"href":"https:\/\/www.ufla.br\/dcom\/wp-json\/wp\/v2\/posts\/128959\/revisions\/128964"}],"wp:attachment":[{"href":"https:\/\/www.ufla.br\/dcom\/wp-json\/wp\/v2\/media?parent=128959"}],"wp:term":[{"taxonomy":"category","embeddable":true,"href":"https:\/\/www.ufla.br\/dcom\/wp-json\/wp\/v2\/categories?post=128959"},{"taxonomy":"post_tag","embeddable":true,"href":"https:\/\/www.ufla.br\/dcom\/wp-json\/wp\/v2\/tags?post=128959"}],"curies":[{"name":"wp","href":"https:\/\/api.w.org\/{rel}","templated":true}]}}